{"id":106551,"date":"2019-09-13T15:12:56","date_gmt":"2019-09-13T13:12:56","guid":{"rendered":"https:\/\/zjarr.tv\/?p=106551"},"modified":"2019-09-13T15:12:56","modified_gmt":"2019-09-13T13:12:56","slug":"shtyhet-gjyqi-per-izet-haxhine-prokuroria-shpall-moskompetence-per-gjykimin-e-ceshtjes","status":"publish","type":"post","link":"https:\/\/zjarr.tv\/sq\/shtyhet-gjyqi-per-izet-haxhine-prokuroria-shpall-moskompetence-per-gjykimin-e-ceshtjes\/","title":{"rendered":"Shtyhet gjyqi p\u00ebr Izet Haxhin\u00eb, Prokuroria shpall moskompetenc\u00eb p\u00ebr gjykimin e \u00e7\u00ebshtjes"},"content":{"rendered":"<p>Prokuroria e Tiran\u00ebs k\u00ebrkoi shpalljen e moskompetenc\u00ebs p\u00ebr rigjykimin e Izet Haxhis\u00eb. Duke argumentuar se vepra penale p\u00ebr t\u00eb cil\u00ebn \u00ebsht\u00eb d\u00ebnuar dhe po rigjykohet \u00ebsht\u00eb tashm\u00eb n\u00eb kompetenc\u00ebn e Krimeve t\u00eb R\u00ebnda<\/p>\n<div id=\"sovrn\" class=\"desktop_ad ad_bottom_space\"><ins><\/p>\n<div id=\"beacon_2f7c2c6bc8\"><img loading=\"lazy\" decoding=\"async\" src=\"https:\/\/ads.balkanweb.com\/www\/delivery\/lg.php?bannerid=0&amp;campaignid=0&amp;zoneid=426&amp;loc=https%3A%2F%2Fbalkanweb.com%2Fshtyhet-gjyqi-per-izet-haxhine-prokuroria-shpall-moskompetence-per-gjykimin-e-ceshtjes%2F&amp;referer=https%3A%2F%2Fbalkanweb.com%2Fkategoria%2Fshqiperia%2F&amp;cb=2f7c2c6bc8\" alt=\"\" width=\"0\" height=\"0\" \/><\/div>\n<p><\/ins><\/div>\n<p>Haxhija akuzohet p\u00ebr vrasjen p\u00ebr shkak t\u00eb cil\u00ebsis\u00eb s\u00eb viktim\u00ebs dhe n\u00eb kushtet kur Azem Hajdari n\u00eb momentin e vrasjes ishte deputet, \u00e7\u00ebshtja zgjidhet n\u00eb Gjykat\u00ebn p\u00ebr Krime t\u00eb R\u00ebnda.<\/p>\n<p>Gjyqi u shty p\u00ebr n\u00eb 20 shtator, pasi avokat\u00ebt t\u00eb shqyrtojn\u00eb k\u00ebrkes\u00ebn e Prokuroris\u00eb, nd\u00ebrsa vet\u00eb Izet Haxhija ishte dakord me prokurorin\u00eb q\u00eb c\u00ebshtja t\u00eb kaloj\u00eb te Krimet e R\u00ebnda<\/p>\n<div id=\"pa_1x1_psbk_1568380359380\"><\/div>\n<p>Ky ishte argumenti i Prokuroris\u00eb, nd\u00ebrsa avokat\u00ebt pretenduan se ky vendim mund t\u00eb r\u00ebndoj\u00eb pozitat e Haxhis\u00eb. Prokuroria e Tiran\u00ebs k\u00ebrkoi shpalljen e moskompetenc\u00ebs p\u00ebr rigjykimin e Izet Haxhis\u00eb. Duke argumentuar se vepra penale p\u00ebr t\u00eb cil\u00ebn \u00ebsht\u00eb d\u00ebnuar dhe po rigjykohet \u00ebsht\u00eb tashm\u00eb n\u00eb kompetenc\u00ebn e Krimeve t\u00eb R\u00ebnda<\/p>\n<p>Haxhija akuzohet p\u00ebr vrasjen p\u00ebr shkak t\u00eb cil\u00ebsis\u00eb s\u00eb viktim\u00ebs dhe n\u00eb kushtet kur Azem Hajdari n\u00eb momentin e vrasjes ishte deputet, \u00e7\u00ebshtja zgjidhet n\u00eb Gjykat\u00ebn p\u00ebr Krime t\u00eb R\u00ebnda.<\/p>\n<p>Gjyqi u shty p\u00ebr n\u00eb 20 shtator, pasi avokat\u00ebt t\u00eb shqyrtojn\u00eb k\u00ebrkes\u00ebn e Prokuroris\u00eb, nd\u00ebrsa vet\u00eb Izet Haxhija ishte dakord me prokurorin\u00eb q\u00eb \u00e7\u00ebshtja t\u00eb kaloj\u00eb te Krimet e R\u00ebnda. Ky ishte argumenti i Prokuroris\u00eb, nd\u00ebrsa avokat\u00ebt pretenduan se ky vendim mund t\u00eb r\u00ebndoj\u00eb pozitat e Haxhis\u00eb.<\/p>\n","protected":false},"excerpt":{"rendered":"<p>Prokuroria e Tiran\u00ebs k\u00ebrkoi shpalljen e moskompetenc\u00ebs p\u00ebr rigjykimin e Izet Haxhis\u00eb. Duke argumentuar se vepra penale p\u00ebr t\u00eb cil\u00ebn \u00ebsht\u00eb d\u00ebnuar dhe po rigjykohet \u00ebsht\u00eb tashm\u00eb n\u00eb kompetenc\u00ebn e Krimeve t\u00eb R\u00ebnda Haxhija akuzohet p\u00ebr vrasjen p\u00ebr shkak t\u00eb cil\u00ebsis\u00eb s\u00eb viktim\u00ebs dhe n\u00eb kushtet kur Azem Hajdari n\u00eb momentin e vrasjes ishte deputet, [&hellip;]<\/p>\n","protected":false},"author":2013,"featured_media":106552,"comment_status":"open","ping_status":"closed","sticky":false,"template":"","format":"standard","meta":{"footnotes":""},"categories":[241,235],"tags":[],"class_list":{"0":"post-106551","1":"post","2":"type-post","3":"status-publish","4":"format-standard","5":"has-post-thumbnail","7":"category-aktualitet","8":"category-vendi"},"_links":{"self":[{"href":"https:\/\/zjarr.tv\/sq\/wp-json\/wp\/v2\/posts\/106551","targetHints":{"allow":["GET"]}}],"collection":[{"href":"https:\/\/zjarr.tv\/sq\/wp-json\/wp\/v2\/posts"}],"about":[{"href":"https:\/\/zjarr.tv\/sq\/wp-json\/wp\/v2\/types\/post"}],"author":[{"embeddable":true,"href":"https:\/\/zjarr.tv\/sq\/wp-json\/wp\/v2\/users\/2013"}],"replies":[{"embeddable":true,"href":"https:\/\/zjarr.tv\/sq\/wp-json\/wp\/v2\/comments?post=106551"}],"version-history":[{"count":0,"href":"https:\/\/zjarr.tv\/sq\/wp-json\/wp\/v2\/posts\/106551\/revisions"}],"wp:featuredmedia":[{"embeddable":true,"href":"https:\/\/zjarr.tv\/sq\/wp-json\/wp\/v2\/media\/106552"}],"wp:attachment":[{"href":"https:\/\/zjarr.tv\/sq\/wp-json\/wp\/v2\/media?parent=106551"}],"wp:term":[{"taxonomy":"category","embeddable":true,"href":"https:\/\/zjarr.tv\/sq\/wp-json\/wp\/v2\/categories?post=106551"},{"taxonomy":"post_tag","embeddable":true,"href":"https:\/\/zjarr.tv\/sq\/wp-json\/wp\/v2\/tags?post=106551"}],"curies":[{"name":"wp","href":"https:\/\/api.w.org\/{rel}","templated":true}]}}