{"id":106557,"date":"2019-09-13T15:59:33","date_gmt":"2019-09-13T13:59:33","guid":{"rendered":"https:\/\/zjarr.tv\/?p=106557"},"modified":"2019-09-13T15:59:33","modified_gmt":"2019-09-13T13:59:33","slug":"rriten-shtrimet-nga-diarreja-akute-ne-pediatrine-e-tiranes","status":"publish","type":"post","link":"https:\/\/zjarr.tv\/sq\/rriten-shtrimet-nga-diarreja-akute-ne-pediatrine-e-tiranes\/","title":{"rendered":"Rriten shtrimet nga diarreja akute n\u00eb pediatrin\u00eb e Tiran\u00ebs"},"content":{"rendered":"<p>Situat\u00eb e r\u00ebnduar s\u00ebmundshm\u00ebrie edhe n\u00eb pediatrin\u00eb e QSUT-s\u00eb. Fluksi i shtuar i f\u00ebmij\u00ebve me infeksione virale dhe bakteriale \u00ebsht\u00eb ndjer\u00eb jo vet\u00ebm n\u00eb urgjenc\u00ebn 24 or\u00ebshe, por edhe n\u00eb pavione me shtrimet. Sipas pediatres Raida Petrela pjesa d\u00ebrmuese e f\u00ebmij\u00ebve q\u00eb kan\u00eb k\u00ebrkuar ndihm\u00eb jan\u00eb paraqitur me diare acute tep\u00ebr problematike.<br \/>\nMjekja thot\u00eb se situata e krijuar n\u00eb fillim t\u00eb vjesht\u00ebs refletkon n\u00eb mas\u00eb problematik\u00ebn e kahershme : at\u00eb t\u00eb munges\u00ebs se kushteve higjeno-sanitare.<br \/>\nMjek\u00ebt e spitalit kan\u00eb p\u00ebrballuar shtimin e k\u00ebrkes\u00ebs p\u00ebr ndihm\u00eb, por k\u00ebrkojn\u00eb nga qendrat sh\u00ebndet\u00ebsore q\u00eb rehidrimi i f\u00ebmij\u00ebve t\u00eb b\u00ebhet nga ato.<br \/>\nNd\u00ebrkaq hapja e 4 qendrave sh\u00ebndet\u00ebsore edhe gjat\u00eb nat\u00ebs p\u00ebr urgjencat pediatrike, duket se ende nuk ka dh\u00ebn\u00eb efektin e saj n\u00eb uljen e fluksit n\u00eb QSUT. Mjek\u00ebt b\u00ebjn\u00eb thirrje p\u00ebr higjen\u00eb t\u00eb lart\u00eb, kujdes nga ambjentet e mbyllura dhe v\u00ebmendje t\u00eb shtuar nga n\u00ebnat p\u00ebr foshnjat q\u00eb paraqesin qoft\u00eb edhe nj\u00eb her\u00eb diare dhe t\u00eb vjella<\/p>\n","protected":false},"excerpt":{"rendered":"<p>Situat\u00eb e r\u00ebnduar s\u00ebmundshm\u00ebrie edhe n\u00eb pediatrin\u00eb e QSUT-s\u00eb. Fluksi i shtuar i f\u00ebmij\u00ebve me infeksione virale dhe bakteriale \u00ebsht\u00eb ndjer\u00eb jo vet\u00ebm n\u00eb urgjenc\u00ebn 24 or\u00ebshe, por edhe n\u00eb pavione me shtrimet. Sipas pediatres Raida Petrela pjesa d\u00ebrmuese e f\u00ebmij\u00ebve q\u00eb kan\u00eb k\u00ebrkuar ndihm\u00eb jan\u00eb paraqitur me diare acute tep\u00ebr problematike. Mjekja thot\u00eb se [&hellip;]<\/p>\n","protected":false},"author":2013,"featured_media":106623,"comment_status":"open","ping_status":"closed","sticky":false,"template":"","format":"standard","meta":{"footnotes":""},"categories":[241,235],"tags":[],"class_list":{"0":"post-106557","1":"post","2":"type-post","3":"status-publish","4":"format-standard","5":"has-post-thumbnail","7":"category-aktualitet","8":"category-vendi"},"_links":{"self":[{"href":"https:\/\/zjarr.tv\/sq\/wp-json\/wp\/v2\/posts\/106557","targetHints":{"allow":["GET"]}}],"collection":[{"href":"https:\/\/zjarr.tv\/sq\/wp-json\/wp\/v2\/posts"}],"about":[{"href":"https:\/\/zjarr.tv\/sq\/wp-json\/wp\/v2\/types\/post"}],"author":[{"embeddable":true,"href":"https:\/\/zjarr.tv\/sq\/wp-json\/wp\/v2\/users\/2013"}],"replies":[{"embeddable":true,"href":"https:\/\/zjarr.tv\/sq\/wp-json\/wp\/v2\/comments?post=106557"}],"version-history":[{"count":0,"href":"https:\/\/zjarr.tv\/sq\/wp-json\/wp\/v2\/posts\/106557\/revisions"}],"wp:featuredmedia":[{"embeddable":true,"href":"https:\/\/zjarr.tv\/sq\/wp-json\/wp\/v2\/media\/106623"}],"wp:attachment":[{"href":"https:\/\/zjarr.tv\/sq\/wp-json\/wp\/v2\/media?parent=106557"}],"wp:term":[{"taxonomy":"category","embeddable":true,"href":"https:\/\/zjarr.tv\/sq\/wp-json\/wp\/v2\/categories?post=106557"},{"taxonomy":"post_tag","embeddable":true,"href":"https:\/\/zjarr.tv\/sq\/wp-json\/wp\/v2\/tags?post=106557"}],"curies":[{"name":"wp","href":"https:\/\/api.w.org\/{rel}","templated":true}]}}