{"id":106624,"date":"2019-09-13T16:57:06","date_gmt":"2019-09-13T14:57:06","guid":{"rendered":"https:\/\/zjarr.tv\/?p=106624"},"modified":"2019-09-13T16:57:06","modified_gmt":"2019-09-13T14:57:06","slug":"taulant-balla-shpallet-non-grata-ne-gjermani","status":"publish","type":"post","link":"https:\/\/zjarr.tv\/sq\/taulant-balla-shpallet-non-grata-ne-gjermani\/","title":{"rendered":"Taulant Balla shpallet \u2018non grata\u2019 n\u00eb Gjermani"},"content":{"rendered":"<p>Vizita e Edi Ram\u00ebs n\u00eb Gjermani dhe takimi i tij me kancelaren Angela Merkel ka ngritur nj\u00eb pik\u00ebpyetje t\u00eb madhe p\u00ebr munges\u00ebn q\u00eb u vu re n\u00eb delegacionin q\u00eb e shoq\u00ebronte.<\/p>\n<p>Nga fotot e pubikuara nga shefi i qeveris\u00eb n\u00eb Facebook pas takimit, duket qart\u00eb se ai shoq\u00ebrohej n\u00eb k\u00ebt\u00eb takim, vet\u00ebm ndihm\u00ebsi i tij n\u00eb Ministrin\u00eb p\u00ebr Europen dhe Pun\u00ebt e Jashtme Gent Cakaj si dhe nga drejtori i informacionit n\u00eb kryeministri, Endri Fuga.<\/p>\n<div id=\"rekl-28\"><\/div>\n<p>Nd\u00ebrsa ajo q\u00eb bie n\u00eb sy \u00ebsht\u00eb mungesa e kryetarit t\u00eb grupit parlamentar t\u00eb PS-se, Taulant Balla.<\/p>\n<p>Kujtojme se Balla nd\u00ebr t\u00eb tjera mban edhe postin e kryetarit t\u00eb grupit parlamentar t\u00eb miq\u00ebsis\u00eb Shqip\u00ebri-Gjermani.<\/p>\n<p>Burime p\u00ebr SYRI.net b\u00ebjn\u00eb me dije se mungesa e Ball\u00ebs n\u00eb delegacionin q\u00eb shoq\u00ebronte Ram\u00ebn n\u00eb Gjermani, nuk \u00ebsht\u00eb e rast\u00ebsishme, por mbart me vete nj\u00eb problem. Sipas po t\u00eb nj\u00ebjtave burime, praktikisht numri 2 i PS-s\u00eb, Taulant Balla \u00ebsht\u00eb shpallur \u2018non grata\u2019 nga Bundestagu gjerman, pasi sigurimit t\u00eb informacionit se ai ka lidhje t\u00eb ngushta me persona me precedent\u00eb penal dhe p\u00ebr m\u00eb tep\u00ebr p\u00ebrfshirjen e tij n\u00eb skandalin e njohur n\u00eb Shqipe\u00ebri si \u2018Toyota Yaris\u2019.<\/p>\n<p>Denoncimi i kryetarit t\u00eb PD-s\u00eb, Lulzim Basha krijoji debate t\u00eb m\u00ebdha asokohe, pasi vet\u00ebm 3 dite pas denoncimit n\u00eb parlament, policia shqiptare pas informatave t\u00eb mb\u00ebrritura n\u00eb rrug\u00eb operative nga homolog\u00ebt gjerman\u00eb, b\u00ebn\u00eb t\u00eb mundur zbulimin dhe sekuestrimin e disa automjeteve \u2018Toyota Yaris\u2019 q\u00eb kishin mb\u00ebrritur n\u00eb portin e Durr\u00ebsit, brenda t\u00eb cilave gjendeshin nj\u00eb sasi prej 3.4 milion\u00eb eurosh.<\/p>\n<p>Me shum\u00eb gjase, informacioni i siguruar nga policia gjermane, p\u00ebrgjimet e tyre dhe p\u00ebrfshirja e prezumuar deri me tani e Taulant Ball\u00ebs n\u00eb k\u00ebt\u00eb skandal kan\u00eb p\u00ebrfunduar si dosje e ve\u00e7ant\u00eb edhe ne zyrat e deputeteve t\u00eb Bundestagut gjerman e sidomos t\u00eb atyre q\u00eb merren ngusht\u00eb me Shqip\u00ebrin\u00eb.<\/p>\n<p>Kjo ka b\u00ebr\u00eb q\u00eb Taulant Balla t\u00eb mos udh\u00ebtoj\u00eb drejt Berlinit n\u00eb delegacionin q\u00eb shoq\u00ebronte k\u00ebt\u00eb t\u00eb premte Edi Ram\u00ebn, n\u00eb at\u00eb q\u00eb konsiderohet nj\u00eb vizit\u00eb e r\u00ebnd\u00ebsishme p\u00ebr tentativ\u00ebn e radh\u00ebs p\u00ebr \u00e7eljen e negociatave mes Shqip\u00ebris\u00eb dhe BE-s\u00eb n\u00eb mes t\u00eb tetorit.<\/p>\n<p>Hera e fundit q\u00eb Taulant Balla ka udh\u00ebtuar n\u00eb Gjermani ka qen\u00eb n\u00eb 5 qershor t\u00eb k\u00ebtij viti, ku zhvilloi nj\u00eb seri takimesh t\u00eb nivelit t\u00eb ul\u00ebt me an\u00ebtar\u00eb t\u00eb Bundestagut gjerman.<\/p>\n<p>Dhe n\u00eb pamund\u00ebsi t\u00eb vizit\u00ebs drejt Gjermanis\u00eb, numri 2 i PS-se Taulant Balla ka siguruar pranin\u00eb e tij vet\u00ebm n\u00eb nj\u00eb aktivitet p\u00ebr promovimin e turizmit n\u00eb qytetin e Elbasanit ku n\u00eb fund u ngrit nj\u00eb dolli edhe p\u00ebr shefin e tij politik Edi Rama.<\/p>\n","protected":false},"excerpt":{"rendered":"<p>Vizita e Edi Ram\u00ebs n\u00eb Gjermani dhe takimi i tij me kancelaren Angela Merkel ka ngritur nj\u00eb pik\u00ebpyetje t\u00eb madhe p\u00ebr munges\u00ebn q\u00eb u vu re n\u00eb delegacionin q\u00eb e shoq\u00ebronte. Nga fotot e pubikuara nga shefi i qeveris\u00eb n\u00eb Facebook pas takimit, duket qart\u00eb se ai shoq\u00ebrohej n\u00eb k\u00ebt\u00eb takim, vet\u00ebm ndihm\u00ebsi i tij [&hellip;]<\/p>\n","protected":false},"author":2013,"featured_media":65930,"comment_status":"open","ping_status":"closed","sticky":false,"template":"","format":"standard","meta":{"footnotes":""},"categories":[241,235],"tags":[],"class_list":{"0":"post-106624","1":"post","2":"type-post","3":"status-publish","4":"format-standard","5":"has-post-thumbnail","7":"category-aktualitet","8":"category-vendi"},"_links":{"self":[{"href":"https:\/\/zjarr.tv\/sq\/wp-json\/wp\/v2\/posts\/106624","targetHints":{"allow":["GET"]}}],"collection":[{"href":"https:\/\/zjarr.tv\/sq\/wp-json\/wp\/v2\/posts"}],"about":[{"href":"https:\/\/zjarr.tv\/sq\/wp-json\/wp\/v2\/types\/post"}],"author":[{"embeddable":true,"href":"https:\/\/zjarr.tv\/sq\/wp-json\/wp\/v2\/users\/2013"}],"replies":[{"embeddable":true,"href":"https:\/\/zjarr.tv\/sq\/wp-json\/wp\/v2\/comments?post=106624"}],"version-history":[{"count":0,"href":"https:\/\/zjarr.tv\/sq\/wp-json\/wp\/v2\/posts\/106624\/revisions"}],"wp:featuredmedia":[{"embeddable":true,"href":"https:\/\/zjarr.tv\/sq\/wp-json\/wp\/v2\/media\/65930"}],"wp:attachment":[{"href":"https:\/\/zjarr.tv\/sq\/wp-json\/wp\/v2\/media?parent=106624"}],"wp:term":[{"taxonomy":"category","embeddable":true,"href":"https:\/\/zjarr.tv\/sq\/wp-json\/wp\/v2\/categories?post=106624"},{"taxonomy":"post_tag","embeddable":true,"href":"https:\/\/zjarr.tv\/sq\/wp-json\/wp\/v2\/tags?post=106624"}],"curies":[{"name":"wp","href":"https:\/\/api.w.org\/{rel}","templated":true}]}}