{"id":106626,"date":"2019-09-13T16:48:18","date_gmt":"2019-09-13T14:48:18","guid":{"rendered":"https:\/\/zjarr.tv\/?p=106626"},"modified":"2019-09-13T16:48:18","modified_gmt":"2019-09-13T14:48:18","slug":"hajdari-takim-me-ambasadorin-e-be-zbardhen-2-pikat-kyce-qe-diskutuan","status":"publish","type":"post","link":"https:\/\/zjarr.tv\/sq\/hajdari-takim-me-ambasadorin-e-be-zbardhen-2-pikat-kyce-qe-diskutuan\/","title":{"rendered":"Hajdari takim me ambasadorin e BE, zbardhen 2 pikat ky\u00e7e q\u00eb diskutuan"},"content":{"rendered":"<p>Deputetja demokrate n\u00eb Kuvendin e Shqip\u00ebris\u00eb, Rudina Hajdari ka zhvilluar k\u00ebt\u00eb t\u00eb premte nj\u00eb takim me amabasdorin e Bashkimit Europian n\u00eb Shqip\u00ebri, Luigi Soreca.<\/p>\n<p>Lajmi konfirmohet nga vet\u00eb Hajdari, e cila thekson se pjes\u00eb e diskutimit mes tyre ka qen\u00eb reforma zgjedhore dhe hapja e negociatave me Bashkimin Europian.<\/p>\n<p>Postimi i Hajdarit:<br \/>\n\u201cSot pata k\u00ebnaq\u00ebsin\u00eb t\u00eb zhvilloja nj\u00eb takim me Ambasadorin e BE-s\u00eb n\u00eb Shqip\u00ebri, Z.Luigi Soreca, ku diskutuam mbi r\u00ebnd\u00ebsin\u00eb e Reform\u00ebs Zgjedhore n\u00eb muajt n\u00eb vijim, si dhe p\u00ebr hapjen e negociatave p\u00ebr Shqip\u00ebrin\u00eb n\u00eb Tetor. Falenderova Ambasadorin Soreca p\u00ebr mb\u00ebshtetjen e tij p\u00ebr Reform\u00ebn Zgjedhore dhe shpreha nevoj\u00ebn p\u00ebr nj\u00eb sistem t\u00eb ri zgjedhor, m\u00eb gjith\u00ebp\u00ebrfshir\u00ebs dhe m\u00eb demokratik. Gjithashtu, diskutuam edhe mbi organizimin e \u201cShkoll\u00ebs Europiane\u201d q\u00eb organizohet nga K\u00ebshilli Komb\u00ebtar I Integrimit Europian, aktivitet q\u00eb cdo vit \u00ebsht\u00eb mb\u00ebshtetur edhe nga Delegacioni I BE-s\u00eb n\u00eb Shqip\u00ebri\u201d-shkruan Hajdari.<\/p>\n","protected":false},"excerpt":{"rendered":"<p>Deputetja demokrate n\u00eb Kuvendin e Shqip\u00ebris\u00eb, Rudina Hajdari ka zhvilluar k\u00ebt\u00eb t\u00eb premte nj\u00eb takim me amabasdorin e Bashkimit Europian n\u00eb Shqip\u00ebri, Luigi Soreca. Lajmi konfirmohet nga vet\u00eb Hajdari, e cila thekson se pjes\u00eb e diskutimit mes tyre ka qen\u00eb reforma zgjedhore dhe hapja e negociatave me Bashkimin Europian. Postimi i Hajdarit: \u201cSot pata k\u00ebnaq\u00ebsin\u00eb [&hellip;]<\/p>\n","protected":false},"author":2013,"featured_media":106648,"comment_status":"open","ping_status":"closed","sticky":false,"template":"","format":"standard","meta":{"footnotes":""},"categories":[241,235],"tags":[],"class_list":{"0":"post-106626","1":"post","2":"type-post","3":"status-publish","4":"format-standard","5":"has-post-thumbnail","7":"category-aktualitet","8":"category-vendi"},"_links":{"self":[{"href":"https:\/\/zjarr.tv\/sq\/wp-json\/wp\/v2\/posts\/106626","targetHints":{"allow":["GET"]}}],"collection":[{"href":"https:\/\/zjarr.tv\/sq\/wp-json\/wp\/v2\/posts"}],"about":[{"href":"https:\/\/zjarr.tv\/sq\/wp-json\/wp\/v2\/types\/post"}],"author":[{"embeddable":true,"href":"https:\/\/zjarr.tv\/sq\/wp-json\/wp\/v2\/users\/2013"}],"replies":[{"embeddable":true,"href":"https:\/\/zjarr.tv\/sq\/wp-json\/wp\/v2\/comments?post=106626"}],"version-history":[{"count":0,"href":"https:\/\/zjarr.tv\/sq\/wp-json\/wp\/v2\/posts\/106626\/revisions"}],"wp:featuredmedia":[{"embeddable":true,"href":"https:\/\/zjarr.tv\/sq\/wp-json\/wp\/v2\/media\/106648"}],"wp:attachment":[{"href":"https:\/\/zjarr.tv\/sq\/wp-json\/wp\/v2\/media?parent=106626"}],"wp:term":[{"taxonomy":"category","embeddable":true,"href":"https:\/\/zjarr.tv\/sq\/wp-json\/wp\/v2\/categories?post=106626"},{"taxonomy":"post_tag","embeddable":true,"href":"https:\/\/zjarr.tv\/sq\/wp-json\/wp\/v2\/tags?post=106626"}],"curies":[{"name":"wp","href":"https:\/\/api.w.org\/{rel}","templated":true}]}}