{"id":106663,"date":"2019-09-13T17:49:39","date_gmt":"2019-09-13T15:49:39","guid":{"rendered":"https:\/\/zjarr.tv\/?p=106663"},"modified":"2019-09-13T17:49:39","modified_gmt":"2019-09-13T15:49:39","slug":"ankthi-i-negociatave-donald-tusk-mberrin-ne-tirane-javen-e-ardhshme-takim-me-ramen","status":"publish","type":"post","link":"https:\/\/zjarr.tv\/sq\/ankthi-i-negociatave-donald-tusk-mberrin-ne-tirane-javen-e-ardhshme-takim-me-ramen\/","title":{"rendered":"\u201cAnkthi\u201d i negociatave, Donald Tusk mb\u00ebrrin n\u00eb Tiran\u00eb jav\u00ebn e ardhshme, takim me Ram\u00ebn"},"content":{"rendered":"<div class=\"col-md-1 col-sm-1\">\n<div class=\"article-sharing-options\">\n<p>Presidenti i K\u00ebshillit t\u00eb Evrop\u00ebs, Donald Tusk, pritet t\u00eb vizitoj\u00eb Shqip\u00ebrin\u00eb jav\u00ebn e ardhshme.<\/p>\n<\/div>\n<\/div>\n<div class=\"col-md-10 col-sm-10 article-text\">\n<div id=\"sovrn\" class=\"desktop_ad ad_bottom_space\"><ins><\/p>\n<div id=\"beacon_b87ac13389\"><img loading=\"lazy\" decoding=\"async\" src=\"https:\/\/ads.balkanweb.com\/www\/delivery\/lg.php?bannerid=0&amp;campaignid=0&amp;zoneid=426&amp;loc=https%3A%2F%2Fbalkanweb.com%2Fankthi-i-negociatave-donald-tusk-mberrin-ne-tirane-javen-e-ardhshme-takim-me-ramen%2F&amp;referer=https%3A%2F%2Fbalkanweb.com%2Fkategoria%2Fshqiperia%2F&amp;cb=b87ac13389\" alt=\"\" width=\"0\" height=\"0\" \/>Zyrtari i lart\u00eb i BE do t\u00eb zbres\u00eb n\u00eb Tiran\u00eb dit\u00ebn e mart\u00eb, ku do t\u00eb zhvilloj\u00eb nj\u00eb takim me kryeministrin Edi Rama. Nd\u00ebrkoh\u00eb, pas Shqip\u00ebris\u00eb, Donald Tusk do t\u00eb vizitoj\u00eb edhe Maqedonin\u00eb e Veriut, ku pritet t\u00eb zhvilloj\u00eb takime me krer\u00ebt e politik\u00ebs fqinje n\u00eb Shkup.<\/div>\n<p><\/ins><\/div>\n<\/div>\n","protected":false},"excerpt":{"rendered":"<p>Presidenti i K\u00ebshillit t\u00eb Evrop\u00ebs, Donald Tusk, pritet t\u00eb vizitoj\u00eb Shqip\u00ebrin\u00eb jav\u00ebn e ardhshme. Zyrtari i lart\u00eb i BE do t\u00eb zbres\u00eb n\u00eb Tiran\u00eb dit\u00ebn e mart\u00eb, ku do t\u00eb zhvilloj\u00eb nj\u00eb takim me kryeministrin Edi Rama. Nd\u00ebrkoh\u00eb, pas Shqip\u00ebris\u00eb, Donald Tusk do t\u00eb vizitoj\u00eb edhe Maqedonin\u00eb e Veriut, ku pritet t\u00eb zhvilloj\u00eb takime me [&hellip;]<\/p>\n","protected":false},"author":2013,"featured_media":94435,"comment_status":"open","ping_status":"closed","sticky":false,"template":"","format":"standard","meta":{"footnotes":""},"categories":[241,235],"tags":[],"class_list":{"0":"post-106663","1":"post","2":"type-post","3":"status-publish","4":"format-standard","5":"has-post-thumbnail","7":"category-aktualitet","8":"category-vendi"},"_links":{"self":[{"href":"https:\/\/zjarr.tv\/sq\/wp-json\/wp\/v2\/posts\/106663","targetHints":{"allow":["GET"]}}],"collection":[{"href":"https:\/\/zjarr.tv\/sq\/wp-json\/wp\/v2\/posts"}],"about":[{"href":"https:\/\/zjarr.tv\/sq\/wp-json\/wp\/v2\/types\/post"}],"author":[{"embeddable":true,"href":"https:\/\/zjarr.tv\/sq\/wp-json\/wp\/v2\/users\/2013"}],"replies":[{"embeddable":true,"href":"https:\/\/zjarr.tv\/sq\/wp-json\/wp\/v2\/comments?post=106663"}],"version-history":[{"count":0,"href":"https:\/\/zjarr.tv\/sq\/wp-json\/wp\/v2\/posts\/106663\/revisions"}],"wp:featuredmedia":[{"embeddable":true,"href":"https:\/\/zjarr.tv\/sq\/wp-json\/wp\/v2\/media\/94435"}],"wp:attachment":[{"href":"https:\/\/zjarr.tv\/sq\/wp-json\/wp\/v2\/media?parent=106663"}],"wp:term":[{"taxonomy":"category","embeddable":true,"href":"https:\/\/zjarr.tv\/sq\/wp-json\/wp\/v2\/categories?post=106663"},{"taxonomy":"post_tag","embeddable":true,"href":"https:\/\/zjarr.tv\/sq\/wp-json\/wp\/v2\/tags?post=106663"}],"curies":[{"name":"wp","href":"https:\/\/api.w.org\/{rel}","templated":true}]}}