{"id":106757,"date":"2019-09-14T14:57:04","date_gmt":"2019-09-14T12:57:04","guid":{"rendered":"https:\/\/zjarr.tv\/?p=106757"},"modified":"2019-09-14T14:57:04","modified_gmt":"2019-09-14T12:57:04","slug":"hiqe-facebook-un-me-patjeter-trafikantet-kerkojne-te-fshijne-adresat-ne-rrjetet-sociale","status":"publish","type":"post","link":"https:\/\/zjarr.tv\/sq\/hiqe-facebook-un-me-patjeter-trafikantet-kerkojne-te-fshijne-adresat-ne-rrjetet-sociale\/","title":{"rendered":"\u201cHiqe Facebook-un me patjet\u00ebr\u201d, trafikant\u00ebt k\u00ebrkojn\u00eb t\u00eb fshijn\u00eb adresat n\u00eb rrjetet sociale"},"content":{"rendered":"<p>operacioni \u201cLimit\u201d, i cili p\u00ebrfundoi me 58 persona t\u00eb arrestuar, nd\u00ebrsa ndaj tyre r\u00ebndojn\u00eb akuzat p\u00ebr trafik t\u00eb l\u00ebnd\u00ebve narkotike, kalim t\u00eb paligjsh\u00ebm t\u00eb emigrant\u00ebve nga Lindja e Mesme drejt Europ\u00ebs. \u00a0Ata flasin p\u00ebr personat qe jan\u00eb arrestuar, ku i k\u00ebrkojn\u00eb nj\u00ebri tjetrin t\u00eb heqin edhe adresat n\u00eb rrejtin social \u201cFacebook\u201d, dhe t\u00eb mbajn\u00eb vet\u00eb nj\u00eb num\u00ebr kontakti.<\/p>\n<div id=\"sovrn\" class=\"desktop_ad ad_bottom_space\"><ins><\/p>\n<div id=\"beacon_b43f285883\"><\/div>\n<p><\/ins><\/div>\n<p>Pas arrestimit t\u00eb shtetasit Genc Ballamari, shtetasi i thirrur \u00a0me ermin\u00a0 Bledi, p\u00ebrdorues i numrit +30 69 47312337, i thot\u00eb Oligerit se kishte shkuar tek sht\u00ebpia e nj\u00eb shoku p\u00ebr t\u00eb q\u00ebndruar disa dit\u00eb andej, pasi ndihej i frik\u00ebsuar.<\/p>\n<p>Biseda nr.21028 dat\u00eb 18:12, 2018, ora 3:51:59 md, e zhvilluar\u00a0 nd\u00ebrmjet Olger Bamallarit\u00a0 dhe shtetasit \u201cBledi\u201d dhe i thot\u00eb se ka shkuar tek sht\u00ebpia e nj\u00eb shoku p\u00ebr t\u00eb q\u00ebndruar andej.<\/p>\n<p>Biseda nr.21009 dat\u00eb 18.12.2018, ora 4:14:59.md, e zhvilluar nd\u00ebrmejt<strong>\u00a0Olger Bamallarit<\/strong>\u00a0dhe shtetasit n\u00eb hetim\u00a0<strong>Aleksand\u00ebr Pepi<\/strong>\u00a0(Bani), i cili p\u00ebrdor numrin telefonik celular +355 69 72 88 390, dhe i thot\u00eb se kishte folur me budallain (nofk\u00eb\u00a0 me t\u00eb cil\u00ebn e idetifikojn\u00eb \u201cBledin\u201d\u201d dhe i ka th\u00ebn\u00eb q\u00eb t\u00eb heq\u00eb numrat, fshij\u00eb Facebook-un etj, \u00e7ka tregon\u00a0 p\u00ebrfshirjen edhe t\u00eb Aleksandrit n\u00eb k\u00ebt\u00eb grup kriminal. Konkretisht zhvillohet biseda:<\/p>\n<p><strong>844:<\/strong>\u00a0Alo!<\/p>\n<p><strong>390:<\/strong>\u00a0E mo V\u00eblla!<\/p>\n<p><strong>844:<\/strong>\u00a0E mo V\u00eblla!<\/p>\n<p><strong>390:<\/strong>\u00a0Nga vajte?<\/p>\n<p><strong>844:<\/strong>\u00a0Hi\u00e7, ja k\u00ebtej\u00a0 nga sht\u00ebpia, nga Nica.<\/p>\n<p><strong>390:<\/strong>\u00a0Do ik\u00ebsh n\u00eb sht\u00ebpi?<\/p>\n<p><strong>844<\/strong>:E ika erdha k\u00ebteja.<\/p>\n<p><strong>390:<\/strong>\u00a0Mir\u00eb o. Fola me budallain.<\/p>\n<p><strong>844:<\/strong>\u00a0E bre fola, fola i thash\u00eb un\u00eb. Fol edhe meee at\u00eb.<\/p>\n<p><strong>390:<\/strong>\u00a0Thoi edhe ti, t\u2019i heq\u00eb ato se i thash\u00eb hiqi t\u00ebra, mbaj vet\u00ebm nj\u00eb num\u00ebr. Kshu i thash\u00eb. Edhe Facebooku-u t;a heq\u00eb me patjet\u00ebr at\u00eb q\u00eb ka, mos e mbaj m\u00eb.<\/p>\n<p><strong>844:<\/strong>\u00a0E o. Mir\u00eb o V\u00eblla\u201d<\/p>\n<div class=\"desktop_ad\"><ins><\/p>\n<div id=\"beacon_32df5c92b4\"><img loading=\"lazy\" decoding=\"async\" src=\"https:\/\/ads.balkanweb.com\/www\/delivery\/lg.php?bannerid=0&amp;campaignid=0&amp;zoneid=358&amp;loc=https%3A%2F%2Fbalkanweb.com%2Fhiqe-facebook-un-me-patjeter-trafikantet-kerkojne-te-fshijne-adresat-ne-rrjetet-sociale%2F&amp;referer=https%3A%2F%2Fbalkanweb.com%2Fkategoria%2Fshqiperia%2F&amp;cb=32df5c92b4\" alt=\"\" width=\"0\" height=\"0\" \/><\/div>\n<p><\/ins><\/div>\n","protected":false},"excerpt":{"rendered":"<p>operacioni \u201cLimit\u201d, i cili p\u00ebrfundoi me 58 persona t\u00eb arrestuar, nd\u00ebrsa ndaj tyre r\u00ebndojn\u00eb akuzat p\u00ebr trafik t\u00eb l\u00ebnd\u00ebve narkotike, kalim t\u00eb paligjsh\u00ebm t\u00eb emigrant\u00ebve nga Lindja e Mesme drejt Europ\u00ebs. \u00a0Ata flasin p\u00ebr personat qe jan\u00eb arrestuar, ku i k\u00ebrkojn\u00eb nj\u00ebri tjetrin t\u00eb heqin edhe adresat n\u00eb rrejtin social \u201cFacebook\u201d, dhe t\u00eb mbajn\u00eb vet\u00eb [&hellip;]<\/p>\n","protected":false},"author":2013,"featured_media":106759,"comment_status":"open","ping_status":"closed","sticky":false,"template":"","format":"standard","meta":{"footnotes":""},"categories":[241,235],"tags":[],"class_list":{"0":"post-106757","1":"post","2":"type-post","3":"status-publish","4":"format-standard","5":"has-post-thumbnail","7":"category-aktualitet","8":"category-vendi"},"_links":{"self":[{"href":"https:\/\/zjarr.tv\/sq\/wp-json\/wp\/v2\/posts\/106757","targetHints":{"allow":["GET"]}}],"collection":[{"href":"https:\/\/zjarr.tv\/sq\/wp-json\/wp\/v2\/posts"}],"about":[{"href":"https:\/\/zjarr.tv\/sq\/wp-json\/wp\/v2\/types\/post"}],"author":[{"embeddable":true,"href":"https:\/\/zjarr.tv\/sq\/wp-json\/wp\/v2\/users\/2013"}],"replies":[{"embeddable":true,"href":"https:\/\/zjarr.tv\/sq\/wp-json\/wp\/v2\/comments?post=106757"}],"version-history":[{"count":0,"href":"https:\/\/zjarr.tv\/sq\/wp-json\/wp\/v2\/posts\/106757\/revisions"}],"wp:featuredmedia":[{"embeddable":true,"href":"https:\/\/zjarr.tv\/sq\/wp-json\/wp\/v2\/media\/106759"}],"wp:attachment":[{"href":"https:\/\/zjarr.tv\/sq\/wp-json\/wp\/v2\/media?parent=106757"}],"wp:term":[{"taxonomy":"category","embeddable":true,"href":"https:\/\/zjarr.tv\/sq\/wp-json\/wp\/v2\/categories?post=106757"},{"taxonomy":"post_tag","embeddable":true,"href":"https:\/\/zjarr.tv\/sq\/wp-json\/wp\/v2\/tags?post=106757"}],"curies":[{"name":"wp","href":"https:\/\/api.w.org\/{rel}","templated":true}]}}