{"id":106938,"date":"2019-09-15T18:30:49","date_gmt":"2019-09-15T16:30:49","guid":{"rendered":"https:\/\/zjarr.tv\/?p=106938"},"modified":"2019-09-15T15:23:48","modified_gmt":"2019-09-15T13:23:48","slug":"zotimi-i-johnson-do-ta-cliroj-britanine-nga-zinxhiret-e-be-si-hulku-i-pamposhtur","status":"publish","type":"post","link":"https:\/\/zjarr.tv\/sq\/zotimi-i-johnson-do-ta-cliroj-britanine-nga-zinxhiret-e-be-si-hulku-i-pamposhtur\/","title":{"rendered":"Zotimi i Johnson: Do ta \u00e7liroj Britanin\u00eb nga &#8220;zinxhir\u00ebt&#8221; e BE si Hulku i Pamposhtur"},"content":{"rendered":"<p>Boris Johnson u zotua sot se do ta \u00e7liroj\u00eb Britanin\u00eb nga &#8220;zinxhir\u00ebt&#8221; e \u00a0BE-s\u00eb, si Hulku i Pamposhtur.<\/p>\n<p>Kryeministri u zotua se do t\u00eb injoroj\u00eb votimin e Dhom\u00ebs s\u00eb P\u00ebrfaq\u00ebsuesve p\u00ebr vonimin e Brexit n\u00ebse negociatat prishen &#8211; duke shtuar: &#8220;Hulk sa m\u00eb shum\u00eb nevrikoset, aq m\u00eb i fort\u00eb b\u00ebhet&#8221;.<\/p>\n<p>Deklaratat e kryeministrit britanik vin\u00eb p\u00ebrpara bisedimeve t\u00eb ashpra me shefin e Brukselit, Jean-Claude Juncker.<\/p>\n<p>Ka pasur nj\u00eb optimiz\u00ebm se ekipi negociues i Britanis\u00eb \u00ebsht\u00eb n\u00eb prag t\u00eb nj\u00eb p\u00ebrparimi n\u00eb prapavij\u00eb.<\/p>\n<p>Boris i tha Mail t\u00eb diel\u00ebn:\u00a0<em>&#8220;Bruce Banner mund t\u00eb jet\u00eb i detyruar t\u00eb rrij\u00eb n\u00eb zinxhir\u00eb, por kur provokohet ai do t\u00eb \u00e7lirohet prej tyre.&#8221;<\/em><\/p>\n<p><em>&#8220;Hulk shp\u00ebtonte gjithnj\u00eb, pavar\u00ebsisht sa fort ishte i lidhur dhe ky \u00ebsht\u00eb rasti p\u00ebr k\u00ebt\u00eb vend. Ne do t\u00eb dalim n\u00eb 31 tetor dhe do ta p\u00ebrfundojm\u00eb.Un\u00eb mendoj se do t\u00eb arrijm\u00eb atje. Do t\u00eb flas me Jean-Claude p\u00ebr m\u00ebnyr\u00ebn se si do ta b\u00ebjm\u00eb&#8221;.<\/em><\/p>\n<p><em>&#8220;Un\u00eb jam shum\u00eb i sigurt. Kur e mora k\u00ebt\u00eb pun\u00eb t\u00eb gjith\u00eb thoshin se nuk mund t\u00eb ket\u00eb asnj\u00eb ndryshim n\u00eb Marr\u00ebveshjen e T\u00ebrheqjes, ishte e pandryshueshme, marr\u00ebveshjet me t\u00eb cilat Mbret\u00ebria e Bashkuar u mbajt e mbyllur n\u00eb BE p\u00ebrher\u00eb, por jo dikush mund ta ndryshoj\u00eb at\u00eb. Ata tashm\u00eb jan\u00eb larguar nga kjo dhe si\u00e7 e dini po zhvillohet nj\u00eb bised\u00eb shum\u00eb, shum\u00eb e mir\u00eb p\u00ebr t\u00eb adresuar \u00e7\u00ebshtjet e kufirit t\u00eb Irland\u00ebs Veriore&#8221; shtoi Johnson.<\/em><\/p>\n","protected":false},"excerpt":{"rendered":"<p>Boris Johnson u zotua sot se do ta \u00e7liroj\u00eb Britanin\u00eb nga &#8220;zinxhir\u00ebt&#8221; e \u00a0BE-s\u00eb, si Hulku i Pamposhtur. Kryeministri u zotua se do t\u00eb injoroj\u00eb votimin e Dhom\u00ebs s\u00eb P\u00ebrfaq\u00ebsuesve p\u00ebr vonimin e Brexit n\u00ebse negociatat prishen &#8211; duke shtuar: &#8220;Hulk sa m\u00eb shum\u00eb nevrikoset, aq m\u00eb i fort\u00eb b\u00ebhet&#8221;. Deklaratat e kryeministrit britanik vin\u00eb [&hellip;]<\/p>\n","protected":false},"author":2013,"featured_media":0,"comment_status":"open","ping_status":"closed","sticky":false,"template":"","format":"standard","meta":{"footnotes":""},"categories":[241,191],"tags":[],"class_list":{"0":"post-106938","1":"post","2":"type-post","3":"status-publish","4":"format-standard","6":"category-aktualitet","7":"category-bota"},"_links":{"self":[{"href":"https:\/\/zjarr.tv\/sq\/wp-json\/wp\/v2\/posts\/106938","targetHints":{"allow":["GET"]}}],"collection":[{"href":"https:\/\/zjarr.tv\/sq\/wp-json\/wp\/v2\/posts"}],"about":[{"href":"https:\/\/zjarr.tv\/sq\/wp-json\/wp\/v2\/types\/post"}],"author":[{"embeddable":true,"href":"https:\/\/zjarr.tv\/sq\/wp-json\/wp\/v2\/users\/2013"}],"replies":[{"embeddable":true,"href":"https:\/\/zjarr.tv\/sq\/wp-json\/wp\/v2\/comments?post=106938"}],"version-history":[{"count":0,"href":"https:\/\/zjarr.tv\/sq\/wp-json\/wp\/v2\/posts\/106938\/revisions"}],"wp:attachment":[{"href":"https:\/\/zjarr.tv\/sq\/wp-json\/wp\/v2\/media?parent=106938"}],"wp:term":[{"taxonomy":"category","embeddable":true,"href":"https:\/\/zjarr.tv\/sq\/wp-json\/wp\/v2\/categories?post=106938"},{"taxonomy":"post_tag","embeddable":true,"href":"https:\/\/zjarr.tv\/sq\/wp-json\/wp\/v2\/tags?post=106938"}],"curies":[{"name":"wp","href":"https:\/\/api.w.org\/{rel}","templated":true}]}}