{"id":106976,"date":"2019-09-15T20:00:33","date_gmt":"2019-09-15T18:00:33","guid":{"rendered":"https:\/\/zjarr.tv\/?p=106976"},"modified":"2019-09-15T15:34:12","modified_gmt":"2019-09-15T13:34:12","slug":"manita-pa-messin-barcelona-e-pathyeshme-ne-camp-nou","status":"publish","type":"post","link":"https:\/\/zjarr.tv\/sq\/manita-pa-messin-barcelona-e-pathyeshme-ne-camp-nou\/","title":{"rendered":"\u201cManita\u201d pa Messin, Barcelona e pathyeshme n\u00eb Camp Nou"},"content":{"rendered":"<p>Barcelona \u00ebsht\u00eb rikthyer p\u00ebrs\u00ebri tek fitorja e k\u00ebt\u00eb her\u00eb bind me rezultatin 5-2 ndaj Valencias.<\/p>\n<p>P\u00ebr blaugranasit mungonte dhe ylli i skuadr\u00ebs, Lionel Messi i cili \u00ebsht\u00eb i d\u00ebmtuar por q\u00eb nuk p\u00ebrb\u00ebn problem p\u00ebr ta.<\/p>\n<p>Serin\u00eb e golave e hap talenti 16 vje\u00e7ar Ansu Fati, i cili sh\u00ebnoi q\u00eb n\u00eb minut\u00ebn e 2\u2019 me nj\u00eb asist t\u00eb De Jong.<\/p>\n<p>Nuk vonon m\u00eb shum\u00eb ku n\u00eb minut\u00ebn e 7\u2019 protagonist\u00eb jan\u00eb p\u00ebrs\u00ebri dyshja Fati-De Jong por \u00ebsht\u00eb Fati ai q\u00eb asistoi p\u00ebr holandezin.<\/p>\n<p>N\u00eb minut\u00ebn e 27\u2019 Kevin Gameiro ngushtoi rezultatin n\u00eb 2-1 me t\u00eb cil\u00ebn mbyllet dhe pjesa e par\u00eb.<\/p>\n<p>Pjesa e dyt\u00eb nis me gol p\u00ebr Barcelon\u00ebn me Pique q\u00eb trefishoi rezultatin.<\/p>\n<p>\u201cStafeta\u201d i kalon Suarez-it i cili u aktivizua n\u00eb minut\u00ebn e 60\u2019. Ai sh\u00ebnoi 2 gola duke plot\u00ebsuar k\u00ebshtu \u201cManita\u201d n\u00eb Camp Nou.<\/p>\n<p>N\u00eb minut\u00ebn e 92\u2019 Valencia sh\u00ebnoi golin e dyt\u00eb me an\u00eb t\u00eb Maximiliano Gomez, nj\u00eb gol q\u00eb i sh\u00ebrben vet\u00ebm p\u00ebr statistik\u00eb.<\/p>\n<p>Momentalisht Barcelona renditet n\u00eb vendin e kat\u00ebrt n\u00eb kuot\u00ebn e 7 pik\u00ebve. Katalanasit do t\u00eb ndeshen n\u00eb mesjav\u00eb me Dortmund p\u00ebr Uefa Champions League nd\u00ebrsa n\u00eb fundjav\u00eb do t\u00eb p\u00ebrballen me Villareal.<\/p>\n","protected":false},"excerpt":{"rendered":"<p>Barcelona \u00ebsht\u00eb rikthyer p\u00ebrs\u00ebri tek fitorja e k\u00ebt\u00eb her\u00eb bind me rezultatin 5-2 ndaj Valencias. P\u00ebr blaugranasit mungonte dhe ylli i skuadr\u00ebs, Lionel Messi i cili \u00ebsht\u00eb i d\u00ebmtuar por q\u00eb nuk p\u00ebrb\u00ebn problem p\u00ebr ta. Serin\u00eb e golave e hap talenti 16 vje\u00e7ar Ansu Fati, i cili sh\u00ebnoi q\u00eb n\u00eb minut\u00ebn e 2\u2019 me [&hellip;]<\/p>\n","protected":false},"author":2013,"featured_media":106977,"comment_status":"open","ping_status":"closed","sticky":false,"template":"","format":"standard","meta":{"footnotes":""},"categories":[241,192],"tags":[],"class_list":{"0":"post-106976","1":"post","2":"type-post","3":"status-publish","4":"format-standard","5":"has-post-thumbnail","7":"category-aktualitet","8":"category-sport"},"_links":{"self":[{"href":"https:\/\/zjarr.tv\/sq\/wp-json\/wp\/v2\/posts\/106976","targetHints":{"allow":["GET"]}}],"collection":[{"href":"https:\/\/zjarr.tv\/sq\/wp-json\/wp\/v2\/posts"}],"about":[{"href":"https:\/\/zjarr.tv\/sq\/wp-json\/wp\/v2\/types\/post"}],"author":[{"embeddable":true,"href":"https:\/\/zjarr.tv\/sq\/wp-json\/wp\/v2\/users\/2013"}],"replies":[{"embeddable":true,"href":"https:\/\/zjarr.tv\/sq\/wp-json\/wp\/v2\/comments?post=106976"}],"version-history":[{"count":0,"href":"https:\/\/zjarr.tv\/sq\/wp-json\/wp\/v2\/posts\/106976\/revisions"}],"wp:featuredmedia":[{"embeddable":true,"href":"https:\/\/zjarr.tv\/sq\/wp-json\/wp\/v2\/media\/106977"}],"wp:attachment":[{"href":"https:\/\/zjarr.tv\/sq\/wp-json\/wp\/v2\/media?parent=106976"}],"wp:term":[{"taxonomy":"category","embeddable":true,"href":"https:\/\/zjarr.tv\/sq\/wp-json\/wp\/v2\/categories?post=106976"},{"taxonomy":"post_tag","embeddable":true,"href":"https:\/\/zjarr.tv\/sq\/wp-json\/wp\/v2\/tags?post=106976"}],"curies":[{"name":"wp","href":"https:\/\/api.w.org\/{rel}","templated":true}]}}