{"id":106994,"date":"2019-09-15T21:00:28","date_gmt":"2019-09-15T19:00:28","guid":{"rendered":"https:\/\/zjarr.tv\/?p=106994"},"modified":"2019-09-15T15:40:03","modified_gmt":"2019-09-15T13:40:03","slug":"shtepia-e-bardhe-konfirmon-djali-i-osama-bin-laden-eshte-vrare-gjate-nje-operacioni-amerikan","status":"publish","type":"post","link":"https:\/\/zjarr.tv\/sq\/shtepia-e-bardhe-konfirmon-djali-i-osama-bin-laden-eshte-vrare-gjate-nje-operacioni-amerikan\/","title":{"rendered":"Sht\u00ebpia e Bardh\u00eb konfirmon: Djali i Osama bin Laden \u00ebsht\u00eb vrar\u00eb gjat\u00eb nj\u00eb operacioni amerikan"},"content":{"rendered":"<p>Sht\u00ebpia e Bardh\u00eb ka b\u00ebr\u00eb me dije n\u00eb nj\u00eb komunikat\u00eb q\u00eb Hamza bin Laden, djali i Osama bin Laden, \u00ebsht\u00eb vrar\u00eb n\u00eb nj\u00eb operacion anti-terroriz\u00ebm, n\u00eb rajonin Afganistan\/Pakistan.<\/p>\n<div id=\"sovrn\" class=\"desktop_ad ad_bottom_space\"><ins><\/p>\n<div id=\"beacon_a36294d3cd\"><\/div>\n<p><\/ins><\/div>\n<p>Vrasja e djalit t\u00eb themeluesit t\u00eb Al Kaed\u00ebs ishte njoftuar n\u00eb fund t\u00eb korrikut nga burime amerikane por Washingtoni nuk e kishte konfirmuar zyrtarisht as vdekjen dhe as rrethanat e vdekjes.<\/p>\n<p>\u2018Humbja e Hamza bin Laden jo vet\u00ebm privon Al Kaed\u00ebn nga nj\u00eb lidership dhe nga lidhja simbolike me babain e tij, por minon gjithashtu aktivitete t\u00eb r\u00ebnd\u00ebsishme t\u00eb grupit\u2019, thuhet n\u00eb komunikat\u00eb.<\/p>\n<p>\u2019Hamza bin Laden ishte p\u00ebrgjegj\u00ebs p\u00ebr shum\u00eb grupe terroriste\u2019, thuhet n\u00eb njoftim.<\/p>\n","protected":false},"excerpt":{"rendered":"<p>Sht\u00ebpia e Bardh\u00eb ka b\u00ebr\u00eb me dije n\u00eb nj\u00eb komunikat\u00eb q\u00eb Hamza bin Laden, djali i Osama bin Laden, \u00ebsht\u00eb vrar\u00eb n\u00eb nj\u00eb operacion anti-terroriz\u00ebm, n\u00eb rajonin Afganistan\/Pakistan. Vrasja e djalit t\u00eb themeluesit t\u00eb Al Kaed\u00ebs ishte njoftuar n\u00eb fund t\u00eb korrikut nga burime amerikane por Washingtoni nuk e kishte konfirmuar zyrtarisht as vdekjen dhe [&hellip;]<\/p>\n","protected":false},"author":2013,"featured_media":0,"comment_status":"open","ping_status":"closed","sticky":false,"template":"","format":"standard","meta":{"footnotes":""},"categories":[241,191],"tags":[],"class_list":{"0":"post-106994","1":"post","2":"type-post","3":"status-publish","4":"format-standard","6":"category-aktualitet","7":"category-bota"},"_links":{"self":[{"href":"https:\/\/zjarr.tv\/sq\/wp-json\/wp\/v2\/posts\/106994","targetHints":{"allow":["GET"]}}],"collection":[{"href":"https:\/\/zjarr.tv\/sq\/wp-json\/wp\/v2\/posts"}],"about":[{"href":"https:\/\/zjarr.tv\/sq\/wp-json\/wp\/v2\/types\/post"}],"author":[{"embeddable":true,"href":"https:\/\/zjarr.tv\/sq\/wp-json\/wp\/v2\/users\/2013"}],"replies":[{"embeddable":true,"href":"https:\/\/zjarr.tv\/sq\/wp-json\/wp\/v2\/comments?post=106994"}],"version-history":[{"count":0,"href":"https:\/\/zjarr.tv\/sq\/wp-json\/wp\/v2\/posts\/106994\/revisions"}],"wp:attachment":[{"href":"https:\/\/zjarr.tv\/sq\/wp-json\/wp\/v2\/media?parent=106994"}],"wp:term":[{"taxonomy":"category","embeddable":true,"href":"https:\/\/zjarr.tv\/sq\/wp-json\/wp\/v2\/categories?post=106994"},{"taxonomy":"post_tag","embeddable":true,"href":"https:\/\/zjarr.tv\/sq\/wp-json\/wp\/v2\/tags?post=106994"}],"curies":[{"name":"wp","href":"https:\/\/api.w.org\/{rel}","templated":true}]}}