{"id":107000,"date":"2019-09-15T21:20:35","date_gmt":"2019-09-15T19:20:35","guid":{"rendered":"https:\/\/zjarr.tv\/?p=107000"},"modified":"2019-09-15T15:43:10","modified_gmt":"2019-09-15T13:43:10","slug":"nuk-ka-klasin-e-juventusit-lume-kritikash-per-maurizio-sarri","status":"publish","type":"post","link":"https:\/\/zjarr.tv\/sq\/nuk-ka-klasin-e-juventusit-lume-kritikash-per-maurizio-sarri\/","title":{"rendered":"\u201cNuk ka klasin e Juventusit\u201d, lum\u00eb kritikash p\u00ebr Maurizio Sarri"},"content":{"rendered":"<p>Aventura e Maurizio Sarri te Juventus ka nisur n\u00eb m\u00ebnyr\u00ebn m\u00eb t\u00eb keqe t\u00eb mund\u00ebshme. N\u00eb fillim problemet m\u00eb sh\u00ebndetin q\u00eb i shtyn\u00eb n\u00eb koh\u00eb debutimin dhe m\u00eb pas barazimi n\u00eb fush\u00ebn e Fiorentin\u00ebs n\u00eb premier\u00ebn e tij n\u00eb pankin\u00ebn e \u201cZonj\u00ebs s\u00eb Vjet\u00ebr\u201d n\u00eb Serie A. M\u00eb shum\u00eb se kaq, polemikat dhe kritikat kan\u00eb rrethuar menj\u00ebher\u00eb trajnerin, pas paraqitjes s\u00eb dob\u00ebt n\u00eb Firence.<\/p>\n<p>N\u00eb k\u00ebt\u00eb sfid\u00eb, Sarri d\u00ebshtoi t\u2019i jepte skuadr\u00ebs dhe tifoz\u00ebve rezultatin dhe m\u00eb shum\u00eb loj\u00ebn e bukur q\u00eb t\u00eb gjith\u00eb presin. Edhe dalja e tij para mediave pas ndeshjes nuk ishte n\u00eb \u201cklasin\u201d e Juventus. Tekniku gjeti justifikime te orari i sfid\u00ebs dhe te d\u00ebmtimet e shumta, alibi q\u00eb nuk b\u00ebjn\u00eb pjes\u00eb n\u00eb ADN e kampion\u00ebve italian\u00eb q\u00eb jan\u00eb m\u00ebsuar t\u00eb dominojn\u00eb rival\u00ebt p\u00ebr t\u00eb arritur te suksesi.<\/p>\n","protected":false},"excerpt":{"rendered":"<p>Aventura e Maurizio Sarri te Juventus ka nisur n\u00eb m\u00ebnyr\u00ebn m\u00eb t\u00eb keqe t\u00eb mund\u00ebshme. N\u00eb fillim problemet m\u00eb sh\u00ebndetin q\u00eb i shtyn\u00eb n\u00eb koh\u00eb debutimin dhe m\u00eb pas barazimi n\u00eb fush\u00ebn e Fiorentin\u00ebs n\u00eb premier\u00ebn e tij n\u00eb pankin\u00ebn e \u201cZonj\u00ebs s\u00eb Vjet\u00ebr\u201d n\u00eb Serie A. M\u00eb shum\u00eb se kaq, polemikat dhe kritikat kan\u00eb [&hellip;]<\/p>\n","protected":false},"author":2013,"featured_media":107001,"comment_status":"open","ping_status":"closed","sticky":false,"template":"","format":"standard","meta":{"footnotes":""},"categories":[241,192],"tags":[],"class_list":{"0":"post-107000","1":"post","2":"type-post","3":"status-publish","4":"format-standard","5":"has-post-thumbnail","7":"category-aktualitet","8":"category-sport"},"_links":{"self":[{"href":"https:\/\/zjarr.tv\/sq\/wp-json\/wp\/v2\/posts\/107000","targetHints":{"allow":["GET"]}}],"collection":[{"href":"https:\/\/zjarr.tv\/sq\/wp-json\/wp\/v2\/posts"}],"about":[{"href":"https:\/\/zjarr.tv\/sq\/wp-json\/wp\/v2\/types\/post"}],"author":[{"embeddable":true,"href":"https:\/\/zjarr.tv\/sq\/wp-json\/wp\/v2\/users\/2013"}],"replies":[{"embeddable":true,"href":"https:\/\/zjarr.tv\/sq\/wp-json\/wp\/v2\/comments?post=107000"}],"version-history":[{"count":0,"href":"https:\/\/zjarr.tv\/sq\/wp-json\/wp\/v2\/posts\/107000\/revisions"}],"wp:featuredmedia":[{"embeddable":true,"href":"https:\/\/zjarr.tv\/sq\/wp-json\/wp\/v2\/media\/107001"}],"wp:attachment":[{"href":"https:\/\/zjarr.tv\/sq\/wp-json\/wp\/v2\/media?parent=107000"}],"wp:term":[{"taxonomy":"category","embeddable":true,"href":"https:\/\/zjarr.tv\/sq\/wp-json\/wp\/v2\/categories?post=107000"},{"taxonomy":"post_tag","embeddable":true,"href":"https:\/\/zjarr.tv\/sq\/wp-json\/wp\/v2\/tags?post=107000"}],"curies":[{"name":"wp","href":"https:\/\/api.w.org\/{rel}","templated":true}]}}