{"id":107008,"date":"2019-09-15T21:40:18","date_gmt":"2019-09-15T19:40:18","guid":{"rendered":"https:\/\/zjarr.tv\/?p=107008"},"modified":"2019-09-15T15:46:50","modified_gmt":"2019-09-15T13:46:50","slug":"ekspertet-brexit-pa-marreveshje-do-te-ishte-katastrofe-per-udhetaret","status":"publish","type":"post","link":"https:\/\/zjarr.tv\/sq\/ekspertet-brexit-pa-marreveshje-do-te-ishte-katastrofe-per-udhetaret\/","title":{"rendered":"Ekspert\u00ebt: Brexit pa marr\u00ebveshje do t\u00eb ishte katastrof\u00eb p\u00ebr udh\u00ebtar\u00ebt"},"content":{"rendered":"<p>Munges\u00eb ushqimi, v\u00ebshtir\u00ebsi p\u00ebr furnizim me ila\u00e7e, trazira civile dhe bllokim rrug\u00ebsh, vonesa n\u00eb kufi. K\u00ebto mund t\u00eb jen\u00eb pasojat e Brexit-it pa marr\u00ebveshje. K\u00ebshtu t\u00eb pakt\u00ebn thuhet n\u00eb nj\u00eb dokument qeveritar t\u00eb Britanis\u00eb s\u00eb Madhe.<\/p>\n<p>Ky \u00ebsht\u00eb nj\u00eb skenar me t\u00eb cilin mund t\u00eb p\u00ebrballen udh\u00ebtar\u00ebt q\u00eb shkojn\u00eb n\u00eb Britani nga mbar\u00eb bota n\u00eb koh\u00ebn kur Mbret\u00ebria e Bashkuar e zbaton planin e tanish\u00ebm p\u00ebr largimin nga Bashkimi Evropian me \u00e7do kusht, edhe pa marr\u00ebveshje.<\/p>\n<p>K\u00ebto paralajm\u00ebrime kan\u00eb nisur t\u2019i shqet\u00ebsojn\u00eb udh\u00ebtar\u00ebt. \u201cPse do t\u00eb shkoja dhe t\u00eb bllokohesha. Kjo nuk \u00ebsht\u00eb di\u00e7ka n\u00ebp\u00ebr t\u00eb cil\u00ebn dua t\u00eb kaloj\u201d, tha Stephen Pickett, drejtor i shitjeve nga Toronto.<\/p>\n<p>Ai e ka ndryshuar planin e tij p\u00ebr t\u00eb udh\u00ebtuar n\u00eb Britani t\u00eb Madhe n\u00eb n\u00ebntor dhe tash ka vendosur q\u00eb nj\u00eb gj\u00eb t\u00eb till\u00eb ta b\u00ebj\u00eb n\u00eb tetor p\u00ebr t\u2019iu shmangur pengesave t\u00eb mundshme.<\/p>\n<p>Sipas nj\u00eb ankete, nj\u00eb e treta e udh\u00ebtar\u00ebve britanik\u00eb jan\u00eb t\u00eb shqet\u00ebsuar se fluturimet e tyre drejt Evrop\u00ebs mund t\u00eb preken nga procesi i Brexit-it.<\/p>\n<p>Nj\u00eb ekspert i industris\u00eb s\u00eb udh\u00ebtimeve ka th\u00ebn\u00eb se n\u00eb rast t\u00eb daljes s\u00eb Britanis\u00eb nga BE-ja pa marr\u00ebveshje, udh\u00ebtar\u00ebt mund t\u00eb jen\u00eb t\u00eb detyruar t\u00eb presin p\u00ebr dit\u00eb t\u00eb t\u00ebra n\u00eb kufi.<\/p>\n<p>Sipas dokumentit t\u00eb hartuar nga qeveria, vendi mund t\u00eb p\u00ebrballet me pengesa n\u00eb kalimet p\u00ebrmes kanalit n\u00ebnujor, t\u00eb cilat mund t\u00eb zgjasin deri n\u00eb gjasht\u00eb muaj, shkruan \u201cCNN\u201d.<\/p>\n","protected":false},"excerpt":{"rendered":"<p>Munges\u00eb ushqimi, v\u00ebshtir\u00ebsi p\u00ebr furnizim me ila\u00e7e, trazira civile dhe bllokim rrug\u00ebsh, vonesa n\u00eb kufi. K\u00ebto mund t\u00eb jen\u00eb pasojat e Brexit-it pa marr\u00ebveshje. K\u00ebshtu t\u00eb pakt\u00ebn thuhet n\u00eb nj\u00eb dokument qeveritar t\u00eb Britanis\u00eb s\u00eb Madhe. Ky \u00ebsht\u00eb nj\u00eb skenar me t\u00eb cilin mund t\u00eb p\u00ebrballen udh\u00ebtar\u00ebt q\u00eb shkojn\u00eb n\u00eb Britani nga mbar\u00eb bota n\u00eb [&hellip;]<\/p>\n","protected":false},"author":2013,"featured_media":107009,"comment_status":"open","ping_status":"closed","sticky":false,"template":"","format":"standard","meta":{"footnotes":""},"categories":[241,191],"tags":[],"class_list":{"0":"post-107008","1":"post","2":"type-post","3":"status-publish","4":"format-standard","5":"has-post-thumbnail","7":"category-aktualitet","8":"category-bota"},"_links":{"self":[{"href":"https:\/\/zjarr.tv\/sq\/wp-json\/wp\/v2\/posts\/107008","targetHints":{"allow":["GET"]}}],"collection":[{"href":"https:\/\/zjarr.tv\/sq\/wp-json\/wp\/v2\/posts"}],"about":[{"href":"https:\/\/zjarr.tv\/sq\/wp-json\/wp\/v2\/types\/post"}],"author":[{"embeddable":true,"href":"https:\/\/zjarr.tv\/sq\/wp-json\/wp\/v2\/users\/2013"}],"replies":[{"embeddable":true,"href":"https:\/\/zjarr.tv\/sq\/wp-json\/wp\/v2\/comments?post=107008"}],"version-history":[{"count":0,"href":"https:\/\/zjarr.tv\/sq\/wp-json\/wp\/v2\/posts\/107008\/revisions"}],"wp:featuredmedia":[{"embeddable":true,"href":"https:\/\/zjarr.tv\/sq\/wp-json\/wp\/v2\/media\/107009"}],"wp:attachment":[{"href":"https:\/\/zjarr.tv\/sq\/wp-json\/wp\/v2\/media?parent=107008"}],"wp:term":[{"taxonomy":"category","embeddable":true,"href":"https:\/\/zjarr.tv\/sq\/wp-json\/wp\/v2\/categories?post=107008"},{"taxonomy":"post_tag","embeddable":true,"href":"https:\/\/zjarr.tv\/sq\/wp-json\/wp\/v2\/tags?post=107008"}],"curies":[{"name":"wp","href":"https:\/\/api.w.org\/{rel}","templated":true}]}}