{"id":107011,"date":"2019-09-15T21:50:15","date_gmt":"2019-09-15T19:50:15","guid":{"rendered":"https:\/\/zjarr.tv\/?p=107011"},"modified":"2019-09-15T15:48:01","modified_gmt":"2019-09-15T13:48:01","slug":"pranoi-se-ka-konsumuar-kanabis-detaje-nga-intervista-e-ish-kryeministrit-britanik","status":"publish","type":"post","link":"https:\/\/zjarr.tv\/sq\/pranoi-se-ka-konsumuar-kanabis-detaje-nga-intervista-e-ish-kryeministrit-britanik\/","title":{"rendered":"Pranoi se ka konsumuar kanabis, detaje nga intervista e ish Kryeministrit britanik"},"content":{"rendered":"<div class=\"readmore-text-here\">\n<p>Ish-kryeministri i Britanis\u00eb s\u00eb Madhe, David Cameron, ka pranuar se ka p\u00ebrdorur kanabis kur ishte duke kryer studimet n\u00eb shkoll\u00ebn \u201cEton\u201d.<\/p>\n<p>Ai m\u00eb par\u00eb kishte refuzuar t\u2019i pranonte dyshimet se e ka p\u00ebrdorur k\u00ebt\u00eb drog\u00eb gjat\u00eb shkollimit n\u00eb nj\u00ebr\u00ebn nga shkollat m\u00eb t\u00eb mira private, n\u00eb t\u00eb cil\u00ebn jan\u00eb shkolluar 20 nga lider\u00ebt britanik\u00eb, duke th\u00ebn\u00eb se njer\u00ebzit kan\u00eb jet\u00eb private para se t\u00eb hyjn\u00eb n\u00eb politik\u00eb.<\/p>\n<div id=\"rekl-28\"><\/div>\n<p>Sidoqoft\u00eb, duke folur p\u00ebr revist\u00ebn \u201cThe Times\u201d, ai pranoi se ka tymosur kanabis n\u00eb shkoll\u00ebn q\u00eb \u00ebsht\u00eb e dedikuar p\u00ebr nx\u00ebn\u00ebsit nga mosha 13 deri 18 vje\u00e7are.<\/p>\n<p>Ai gjithashtu tha se e ka p\u00ebrdorur kanabisin edhe m\u00eb von\u00eb gjat\u00eb jet\u00ebs s\u00eb tij bashk\u00eb me gruan, Samantha, me t\u00eb cil\u00ebn ishte takuar n\u00eb mosh\u00ebn 25 vje\u00e7are, kur punonte p\u00ebr Partin\u00eb Konservatore.<\/p>\n<p>Cameron \u00ebsht\u00eb lideri i fundit nga nj\u00eb varg figurash t\u00eb larta t\u00eb Partis\u00eb Konservatore, t\u00eb cil\u00ebt kan\u00eb pranuar se kan\u00eb p\u00ebrdorur drog\u00eb.<\/p>\n<p>Nj\u00eb gj\u00eb t\u00eb till\u00eb e kishte pranuar n\u00eb nj\u00eb intervist\u00eb t\u00eb vitit 2007 edhe kryeministri i tanish\u00ebm britanik, Boris Johnson, i cili kishte th\u00ebn\u00eb se i ka provuar kokain\u00ebn dhe kanabisin, shkruan \u201cIndependent\u201d.<\/p>\n<p>&nbsp;<\/p>\n<\/div>\n<div id=\"rekl-33\"><\/div>\n","protected":false},"excerpt":{"rendered":"<p>Ish-kryeministri i Britanis\u00eb s\u00eb Madhe, David Cameron, ka pranuar se ka p\u00ebrdorur kanabis kur ishte duke kryer studimet n\u00eb shkoll\u00ebn \u201cEton\u201d. Ai m\u00eb par\u00eb kishte refuzuar t\u2019i pranonte dyshimet se e ka p\u00ebrdorur k\u00ebt\u00eb drog\u00eb gjat\u00eb shkollimit n\u00eb nj\u00ebr\u00ebn nga shkollat m\u00eb t\u00eb mira private, n\u00eb t\u00eb cil\u00ebn jan\u00eb shkolluar 20 nga lider\u00ebt britanik\u00eb, duke [&hellip;]<\/p>\n","protected":false},"author":2013,"featured_media":107012,"comment_status":"open","ping_status":"closed","sticky":false,"template":"","format":"standard","meta":{"footnotes":""},"categories":[241,191],"tags":[],"class_list":{"0":"post-107011","1":"post","2":"type-post","3":"status-publish","4":"format-standard","5":"has-post-thumbnail","7":"category-aktualitet","8":"category-bota"},"_links":{"self":[{"href":"https:\/\/zjarr.tv\/sq\/wp-json\/wp\/v2\/posts\/107011","targetHints":{"allow":["GET"]}}],"collection":[{"href":"https:\/\/zjarr.tv\/sq\/wp-json\/wp\/v2\/posts"}],"about":[{"href":"https:\/\/zjarr.tv\/sq\/wp-json\/wp\/v2\/types\/post"}],"author":[{"embeddable":true,"href":"https:\/\/zjarr.tv\/sq\/wp-json\/wp\/v2\/users\/2013"}],"replies":[{"embeddable":true,"href":"https:\/\/zjarr.tv\/sq\/wp-json\/wp\/v2\/comments?post=107011"}],"version-history":[{"count":0,"href":"https:\/\/zjarr.tv\/sq\/wp-json\/wp\/v2\/posts\/107011\/revisions"}],"wp:featuredmedia":[{"embeddable":true,"href":"https:\/\/zjarr.tv\/sq\/wp-json\/wp\/v2\/media\/107012"}],"wp:attachment":[{"href":"https:\/\/zjarr.tv\/sq\/wp-json\/wp\/v2\/media?parent=107011"}],"wp:term":[{"taxonomy":"category","embeddable":true,"href":"https:\/\/zjarr.tv\/sq\/wp-json\/wp\/v2\/categories?post=107011"},{"taxonomy":"post_tag","embeddable":true,"href":"https:\/\/zjarr.tv\/sq\/wp-json\/wp\/v2\/tags?post=107011"}],"curies":[{"name":"wp","href":"https:\/\/api.w.org\/{rel}","templated":true}]}}