{"id":107014,"date":"2019-09-15T22:00:58","date_gmt":"2019-09-15T20:00:58","guid":{"rendered":"https:\/\/zjarr.tv\/?p=107014"},"modified":"2019-09-15T15:50:11","modified_gmt":"2019-09-15T13:50:11","slug":"greqi-flaket-rrethojne-vendpushimin-bregdetar","status":"publish","type":"post","link":"https:\/\/zjarr.tv\/sq\/greqi-flaket-rrethojne-vendpushimin-bregdetar\/","title":{"rendered":"Greqi\/ Flak\u00ebt rrethojn\u00eb vendpushimin bregdetar"},"content":{"rendered":"<p>Loutraki, vendpushimi bregdetar n\u00eb Gjirin e Korintit n\u00eb Greqi po p\u00ebrballet me nj\u00eb val\u00eb zjarresh t\u00eb cilat kan\u00eb shp\u00ebrthyer q\u00eb prej pasdites s\u00eb t\u00eb shtun\u00ebs, 14 shtator.<\/p>\n<p>Zjarrfik\u00ebsit kan\u00eb luftuar gjat\u00eb gjith\u00eb nat\u00ebs me flak\u00ebt dhe operacioni p\u00ebr shuarjen e zjarrit pritet t\u00eb vazhdoj\u00eb edhe gjat\u00eb k\u00ebsaj t\u00eb diele.<\/p>\n<div id=\"rekl-28\"><\/div>\n<p><iframe loading=\"lazy\" src=\"https:\/\/www.facebook.com\/plugins\/video.php?href=https%3A%2F%2Fwww.facebook.com%2Fgrwebchannel%2Fvideos%2F2508695679363397%2F&amp;show_text=0&amp;width=560\" width=\"560\" height=\"315\" frameborder=\"0\" scrolling=\"no\" allowfullscreen=\"allowfullscreen\" data-mce-fragment=\"1\"><\/iframe><\/p>\n<div id=\"rekl-13\">\n<div id=\"__sap-ad-15\" class=\"__sap-ads __sap-html tracked\" data-title=\"Credins desktop 08\"><ins><\/p>\n<div id=\"beacon_5dc356bb8b\"><img loading=\"lazy\" decoding=\"async\" src=\"https:\/\/ads1.medium.al\/www\/delivery\/lg.php?bannerid=373&amp;campaignid=48&amp;zoneid=182&amp;loc=https%3A%2F%2Fwww.syri.net%2Frajoni%2F280592%2Fvideo-flaket-rrethojne-vendpushimin-bregdetar%2F&amp;referer=https%3A%2F%2Fwww.syri.net%2Frajoni%2F&amp;cb=5dc356bb8b\" alt=\"\" width=\"0\" height=\"0\" \/><\/div>\n<p><\/ins><\/div>\n<\/div>\n<div id=\"rekl-4\"><\/div>\n<p><iframe loading=\"lazy\" src=\"https:\/\/www.youtube.com\/embed\/tf2CP24jJRE\" width=\"1189\" height=\"669\" frameborder=\"0\" allowfullscreen=\"allowfullscreen\" data-mce-fragment=\"1\"><\/iframe><\/p>\n<div class=\"fotogaleri\">\n<div class=\"bx-wrapper\">\n<div class=\"bx-viewport\">\n<p>&nbsp;<\/p>\n<\/div>\n<\/div>\n<\/div>\n","protected":false},"excerpt":{"rendered":"<p>Loutraki, vendpushimi bregdetar n\u00eb Gjirin e Korintit n\u00eb Greqi po p\u00ebrballet me nj\u00eb val\u00eb zjarresh t\u00eb cilat kan\u00eb shp\u00ebrthyer q\u00eb prej pasdites s\u00eb t\u00eb shtun\u00ebs, 14 shtator. Zjarrfik\u00ebsit kan\u00eb luftuar gjat\u00eb gjith\u00eb nat\u00ebs me flak\u00ebt dhe operacioni p\u00ebr shuarjen e zjarrit pritet t\u00eb vazhdoj\u00eb edhe gjat\u00eb k\u00ebsaj t\u00eb diele. &nbsp;<\/p>\n","protected":false},"author":2013,"featured_media":107015,"comment_status":"open","ping_status":"closed","sticky":false,"template":"","format":"standard","meta":{"footnotes":""},"categories":[241,2],"tags":[],"class_list":{"0":"post-107014","1":"post","2":"type-post","3":"status-publish","4":"format-standard","5":"has-post-thumbnail","7":"category-aktualitet","8":"category-rajoni"},"_links":{"self":[{"href":"https:\/\/zjarr.tv\/sq\/wp-json\/wp\/v2\/posts\/107014","targetHints":{"allow":["GET"]}}],"collection":[{"href":"https:\/\/zjarr.tv\/sq\/wp-json\/wp\/v2\/posts"}],"about":[{"href":"https:\/\/zjarr.tv\/sq\/wp-json\/wp\/v2\/types\/post"}],"author":[{"embeddable":true,"href":"https:\/\/zjarr.tv\/sq\/wp-json\/wp\/v2\/users\/2013"}],"replies":[{"embeddable":true,"href":"https:\/\/zjarr.tv\/sq\/wp-json\/wp\/v2\/comments?post=107014"}],"version-history":[{"count":0,"href":"https:\/\/zjarr.tv\/sq\/wp-json\/wp\/v2\/posts\/107014\/revisions"}],"wp:featuredmedia":[{"embeddable":true,"href":"https:\/\/zjarr.tv\/sq\/wp-json\/wp\/v2\/media\/107015"}],"wp:attachment":[{"href":"https:\/\/zjarr.tv\/sq\/wp-json\/wp\/v2\/media?parent=107014"}],"wp:term":[{"taxonomy":"category","embeddable":true,"href":"https:\/\/zjarr.tv\/sq\/wp-json\/wp\/v2\/categories?post=107014"},{"taxonomy":"post_tag","embeddable":true,"href":"https:\/\/zjarr.tv\/sq\/wp-json\/wp\/v2\/tags?post=107014"}],"curies":[{"name":"wp","href":"https:\/\/api.w.org\/{rel}","templated":true}]}}