{"id":107017,"date":"2019-09-15T18:20:32","date_gmt":"2019-09-15T16:20:32","guid":{"rendered":"https:\/\/zjarr.tv\/?p=107017"},"modified":"2019-09-15T15:53:13","modified_gmt":"2019-09-15T13:53:13","slug":"haradinaj-21-vjet-nga-beteja-e-kaqanollit-respekt","status":"publish","type":"post","link":"https:\/\/zjarr.tv\/sq\/haradinaj-21-vjet-nga-beteja-e-kaqanollit-respekt\/","title":{"rendered":"Haradinaj: 21 vjet nga Beteja e Kaqanollit, respekt!"},"content":{"rendered":"<p><strong>Nga Ramush Haradinaj.<\/strong><\/p>\n<p>21 vite m\u00eb par\u00eb, filloi nj\u00eb nga betejat m\u00eb t\u00eb r\u00ebnd\u00ebsishme t\u00eb Luft\u00ebs \u00c7lirimtare. Krismat e pushk\u00ebve nga Zona Operative e Llapit, ishin lajm i keq p\u00ebr armikun. N\u00eb Betej\u00ebn e Kaqanollit, ata e kuptuan se fryma q\u00eb kishin mbjell Zahiri, Hakifi e Iliri, p\u00ebrve\u00e7 q\u00eb nuk ishte shuar, do t\u00eb b\u00ebhej edhe shkat\u00ebrrimtare e planeve t\u00eb tyre djall\u00ebzore.<\/p>\n<p>Sot p\u00ebrulemi me respekt para d\u00ebshmor\u00ebve q\u00eb ran\u00eb: Bekim Maliqi, Bekim Lushaku, Habib Zeka, Nazmi Zhegrova, Fadil Sejdiu, Islam dhe Selim Rekaliu.<br \/>\nKujtimi p\u00ebr ta, na b\u00ebn m\u00eb t\u00eb fort\u00eb e m\u00eb t\u00eb vendosur p\u00ebr t\u00eb mbrojtur t\u00eb drejt\u00ebn ton\u00eb dhe p\u00ebr ta kthyer shpres\u00ebn p\u00ebr qytetar\u00ebt tan\u00eb. Lavdi e p\u00ebrjetshme!<\/p>\n<div id=\"rekl-13\">\n<div id=\"__sap-ad-15\" class=\"__sap-ads __sap-html tracked\" data-title=\"Credins desktop 08\"><ins><\/p>\n<div id=\"beacon_1080f9292a\"><img loading=\"lazy\" decoding=\"async\" src=\"https:\/\/ads1.medium.al\/www\/delivery\/lg.php?bannerid=373&amp;campaignid=48&amp;zoneid=182&amp;loc=https%3A%2F%2Fwww.syri.net%2Fkosova%2F280607%2Fharadinaj-21-vjet-nga-beteja-e-kaqanollit-respekt%2F&amp;referer=https%3A%2F%2Fwww.syri.net%2Fkosova%2F&amp;cb=1080f9292a\" alt=\"\" width=\"0\" height=\"0\" \/><\/div>\n<p><\/ins><\/div>\n<\/div>\n<div class=\"fotogaleri\">\n<div class=\"bx-wrapper\">\n<div class=\"bx-viewport\">\n<ul class=\"read-slider\">\n<li><a href=\"https:\/\/www.syri.net\/uploads\/syri.net\/images\/2019\/September\/15\/auto_unnamed14738615611568534891.jpg\" data-lightbox=\"images\"><img decoding=\"async\" src=\"https:\/\/www.syri.net\/uploads\/syri.net\/images\/2019\/September\/15\/auto_auto_unnamed14738615611568534891.jpg\" \/><\/a><\/li>\n<\/ul>\n<\/div>\n<\/div>\n<\/div>\n","protected":false},"excerpt":{"rendered":"<p>Nga Ramush Haradinaj. 21 vite m\u00eb par\u00eb, filloi nj\u00eb nga betejat m\u00eb t\u00eb r\u00ebnd\u00ebsishme t\u00eb Luft\u00ebs \u00c7lirimtare. Krismat e pushk\u00ebve nga Zona Operative e Llapit, ishin lajm i keq p\u00ebr armikun. N\u00eb Betej\u00ebn e Kaqanollit, ata e kuptuan se fryma q\u00eb kishin mbjell Zahiri, Hakifi e Iliri, p\u00ebrve\u00e7 q\u00eb nuk ishte shuar, do t\u00eb b\u00ebhej [&hellip;]<\/p>\n","protected":false},"author":2013,"featured_media":107018,"comment_status":"open","ping_status":"closed","sticky":false,"template":"","format":"standard","meta":{"footnotes":""},"categories":[241,2],"tags":[],"class_list":{"0":"post-107017","1":"post","2":"type-post","3":"status-publish","4":"format-standard","5":"has-post-thumbnail","7":"category-aktualitet","8":"category-rajoni"},"_links":{"self":[{"href":"https:\/\/zjarr.tv\/sq\/wp-json\/wp\/v2\/posts\/107017","targetHints":{"allow":["GET"]}}],"collection":[{"href":"https:\/\/zjarr.tv\/sq\/wp-json\/wp\/v2\/posts"}],"about":[{"href":"https:\/\/zjarr.tv\/sq\/wp-json\/wp\/v2\/types\/post"}],"author":[{"embeddable":true,"href":"https:\/\/zjarr.tv\/sq\/wp-json\/wp\/v2\/users\/2013"}],"replies":[{"embeddable":true,"href":"https:\/\/zjarr.tv\/sq\/wp-json\/wp\/v2\/comments?post=107017"}],"version-history":[{"count":0,"href":"https:\/\/zjarr.tv\/sq\/wp-json\/wp\/v2\/posts\/107017\/revisions"}],"wp:featuredmedia":[{"embeddable":true,"href":"https:\/\/zjarr.tv\/sq\/wp-json\/wp\/v2\/media\/107018"}],"wp:attachment":[{"href":"https:\/\/zjarr.tv\/sq\/wp-json\/wp\/v2\/media?parent=107017"}],"wp:term":[{"taxonomy":"category","embeddable":true,"href":"https:\/\/zjarr.tv\/sq\/wp-json\/wp\/v2\/categories?post=107017"},{"taxonomy":"post_tag","embeddable":true,"href":"https:\/\/zjarr.tv\/sq\/wp-json\/wp\/v2\/tags?post=107017"}],"curies":[{"name":"wp","href":"https:\/\/api.w.org\/{rel}","templated":true}]}}