{"id":107021,"date":"2019-09-15T22:10:41","date_gmt":"2019-09-15T20:10:41","guid":{"rendered":"https:\/\/zjarr.tv\/?p=107021"},"modified":"2019-09-15T15:54:24","modified_gmt":"2019-09-15T13:54:24","slug":"video-nga-tifoze-kthehen-ne-dado-tifozet-e-kroacise-i-kendojne-ninulla-bebes-se-vogel","status":"publish","type":"post","link":"https:\/\/zjarr.tv\/sq\/video-nga-tifoze-kthehen-ne-dado-tifozet-e-kroacise-i-kendojne-ninulla-bebes-se-vogel\/","title":{"rendered":"VIDEO\/ Nga tifoz\u00eb kthehen n\u00eb dado, tifoz\u00ebt e kroacis\u00eb i k\u00ebndojn\u00eb ninulla bebes s\u00eb vog\u00ebl"},"content":{"rendered":"<div class=\"readmore-text-here\">\n<p>Tifoz\u00ebt e futbollit jan\u00eb t\u00eb njohur p\u00ebr brohorimat e tyre n\u00eb shkall\u00ebt e stadiumit n\u00eb mb\u00ebshtetje t\u00eb skuadr\u00ebs s\u00eb tyre t\u00eb zemr\u00ebs.<\/p>\n<p>Por nj\u00eb video e tifoz\u00ebve kroat\u00eb, e filmuar gjat\u00eb udh\u00ebtimit t\u00eb tyre n\u00eb Slloveni n\u00eb mb\u00ebshtetje t\u00eb komb\u00ebtares, \u00ebsht\u00eb b\u00ebr\u00eb virale n\u00eb internet.<\/p>\n<p>T\u00eb veshur me uniform\u00ebn e komb\u00ebtares s\u00eb tyre e me shishe birre n\u00eb dor\u00eb, ata jan\u00eb shnd\u00ebrruar pasi kan\u00eb par\u00eb nj\u00eb f\u00ebmij\u00eb t\u00eb vog\u00ebl s\u00eb bashku me n\u00ebn\u00ebn e saj. Ata kan\u00eb nisur t\u2019i k\u00ebndojn\u00eb t\u00eb gjith\u00eb s\u00eb bashku nj\u00eb ninull\u00eb kroate vajz\u00ebs s\u00eb vog\u00ebl, nd\u00ebrsa ajo i sheh e hutuar.<\/p>\n<div id=\"rekl-13\">\n<div id=\"__sap-ad-15\" class=\"__sap-ads __sap-html tracked\" data-title=\"Credins desktop 08\"><ins><\/p>\n<div id=\"beacon_3145c236cf\"><img loading=\"lazy\" decoding=\"async\" src=\"https:\/\/ads1.medium.al\/www\/delivery\/lg.php?bannerid=373&amp;campaignid=48&amp;zoneid=182&amp;loc=https%3A%2F%2Fwww.syri.net%2Fsport%2F280651%2Fvideo-nga-tifoze-kthehen-ne-dado-tifozet-e-kroacise-i-kendojne-ninulla-bebes-se-vogel%2F&amp;referer=https%3A%2F%2Fwww.syri.net%2Fsport%2F&amp;cb=3145c236cf\" alt=\"\" width=\"0\" height=\"0\" \/><\/div>\n<p><\/ins><\/div>\n<\/div>\n<p><iframe loading=\"lazy\" id=\"molvideoplayer\" title=\"MailOnline Embed Player\" src=\"https:\/\/www.dailymail.co.uk\/embed\/video\/2003836.html\" width=\"698\" height=\"573\" frameborder=\"0\" scrolling=\"no\" allowfullscreen=\"allowfullscreen\" data-mce-fragment=\"1\"><\/iframe><\/p>\n<\/div>\n<div id=\"rekl-33\"><\/div>\n<p>&nbsp;<\/p>\n","protected":false},"excerpt":{"rendered":"<p>Tifoz\u00ebt e futbollit jan\u00eb t\u00eb njohur p\u00ebr brohorimat e tyre n\u00eb shkall\u00ebt e stadiumit n\u00eb mb\u00ebshtetje t\u00eb skuadr\u00ebs s\u00eb tyre t\u00eb zemr\u00ebs. Por nj\u00eb video e tifoz\u00ebve kroat\u00eb, e filmuar gjat\u00eb udh\u00ebtimit t\u00eb tyre n\u00eb Slloveni n\u00eb mb\u00ebshtetje t\u00eb komb\u00ebtares, \u00ebsht\u00eb b\u00ebr\u00eb virale n\u00eb internet. T\u00eb veshur me uniform\u00ebn e komb\u00ebtares s\u00eb tyre e me [&hellip;]<\/p>\n","protected":false},"author":2013,"featured_media":107022,"comment_status":"open","ping_status":"closed","sticky":false,"template":"","format":"standard","meta":{"footnotes":""},"categories":[241,192],"tags":[],"class_list":{"0":"post-107021","1":"post","2":"type-post","3":"status-publish","4":"format-standard","5":"has-post-thumbnail","7":"category-aktualitet","8":"category-sport"},"_links":{"self":[{"href":"https:\/\/zjarr.tv\/sq\/wp-json\/wp\/v2\/posts\/107021","targetHints":{"allow":["GET"]}}],"collection":[{"href":"https:\/\/zjarr.tv\/sq\/wp-json\/wp\/v2\/posts"}],"about":[{"href":"https:\/\/zjarr.tv\/sq\/wp-json\/wp\/v2\/types\/post"}],"author":[{"embeddable":true,"href":"https:\/\/zjarr.tv\/sq\/wp-json\/wp\/v2\/users\/2013"}],"replies":[{"embeddable":true,"href":"https:\/\/zjarr.tv\/sq\/wp-json\/wp\/v2\/comments?post=107021"}],"version-history":[{"count":0,"href":"https:\/\/zjarr.tv\/sq\/wp-json\/wp\/v2\/posts\/107021\/revisions"}],"wp:featuredmedia":[{"embeddable":true,"href":"https:\/\/zjarr.tv\/sq\/wp-json\/wp\/v2\/media\/107022"}],"wp:attachment":[{"href":"https:\/\/zjarr.tv\/sq\/wp-json\/wp\/v2\/media?parent=107021"}],"wp:term":[{"taxonomy":"category","embeddable":true,"href":"https:\/\/zjarr.tv\/sq\/wp-json\/wp\/v2\/categories?post=107021"},{"taxonomy":"post_tag","embeddable":true,"href":"https:\/\/zjarr.tv\/sq\/wp-json\/wp\/v2\/tags?post=107021"}],"curies":[{"name":"wp","href":"https:\/\/api.w.org\/{rel}","templated":true}]}}