{"id":107043,"date":"2019-09-15T18:10:18","date_gmt":"2019-09-15T16:10:18","guid":{"rendered":"https:\/\/zjarr.tv\/?p=107043"},"modified":"2019-09-15T16:36:03","modified_gmt":"2019-09-15T14:36:03","slug":"diell-dhe-shtrengata-shiu-parashikimi-i-motit-per-javen-e-ardhshme","status":"publish","type":"post","link":"https:\/\/zjarr.tv\/sq\/diell-dhe-shtrengata-shiu-parashikimi-i-motit-per-javen-e-ardhshme\/","title":{"rendered":"Diell dhe shtr\u00ebngata shiu, parashikimi i motit p\u00ebr jav\u00ebn e ardhshme"},"content":{"rendered":"<p>Java q\u00eb vjen do t\u00eb nis\u00eb me mot t\u00eb kthjell\u00ebt dhe temperature t\u00eb ngrohta. Kjo situat\u00eb do t\u00eb vijoj\u00eb deri dit\u00ebn e enjte n\u00eb gjith\u00eb vendin p\u00ebrve\u00e7 zonave veriore ku priten reshje shiu.<\/p>\n<p>Paq\u00ebndrueshm\u00ebria n\u00eb t\u00eb gjith\u00eb territorin parashikohet dit\u00ebn e premte dhe p\u00ebrgjat\u00eb fundjav\u00ebs.<\/p>\n<p>M\u00eb s\u00eb shumti reshjet do t\u00eb p\u00ebrfshijn\u00eb pjes\u00ebn jugore, aty ku hera her\u00ebs do t\u00eb krijohen kushtet p\u00ebr shtr\u00ebngata, rrebeshe me shkarkesa elektrike. Kjo situat\u00eb gjat\u00eb s\u00eb premtes do t\u00eb sjell\u00eb dhe r\u00ebnie t\u00eb temperaturave.<\/p>\n<p>Era do t\u00eb fryj\u00eb e leht\u00eb e p\u00ebrkoh\u00ebsisht mesatare p\u00ebrgjat\u00eb bregdetit duke u shoq\u00ebruar me val\u00ebzim t\u00eb forc\u00ebs 3 ball\u00eb.<\/p>\n","protected":false},"excerpt":{"rendered":"<p>Java q\u00eb vjen do t\u00eb nis\u00eb me mot t\u00eb kthjell\u00ebt dhe temperature t\u00eb ngrohta. Kjo situat\u00eb do t\u00eb vijoj\u00eb deri dit\u00ebn e enjte n\u00eb gjith\u00eb vendin p\u00ebrve\u00e7 zonave veriore ku priten reshje shiu. Paq\u00ebndrueshm\u00ebria n\u00eb t\u00eb gjith\u00eb territorin parashikohet dit\u00ebn e premte dhe p\u00ebrgjat\u00eb fundjav\u00ebs. M\u00eb s\u00eb shumti reshjet do t\u00eb p\u00ebrfshijn\u00eb pjes\u00ebn jugore, aty [&hellip;]<\/p>\n","protected":false},"author":2013,"featured_media":107044,"comment_status":"open","ping_status":"closed","sticky":false,"template":"","format":"standard","meta":{"footnotes":""},"categories":[241,235],"tags":[],"class_list":{"0":"post-107043","1":"post","2":"type-post","3":"status-publish","4":"format-standard","5":"has-post-thumbnail","7":"category-aktualitet","8":"category-vendi"},"_links":{"self":[{"href":"https:\/\/zjarr.tv\/sq\/wp-json\/wp\/v2\/posts\/107043","targetHints":{"allow":["GET"]}}],"collection":[{"href":"https:\/\/zjarr.tv\/sq\/wp-json\/wp\/v2\/posts"}],"about":[{"href":"https:\/\/zjarr.tv\/sq\/wp-json\/wp\/v2\/types\/post"}],"author":[{"embeddable":true,"href":"https:\/\/zjarr.tv\/sq\/wp-json\/wp\/v2\/users\/2013"}],"replies":[{"embeddable":true,"href":"https:\/\/zjarr.tv\/sq\/wp-json\/wp\/v2\/comments?post=107043"}],"version-history":[{"count":0,"href":"https:\/\/zjarr.tv\/sq\/wp-json\/wp\/v2\/posts\/107043\/revisions"}],"wp:featuredmedia":[{"embeddable":true,"href":"https:\/\/zjarr.tv\/sq\/wp-json\/wp\/v2\/media\/107044"}],"wp:attachment":[{"href":"https:\/\/zjarr.tv\/sq\/wp-json\/wp\/v2\/media?parent=107043"}],"wp:term":[{"taxonomy":"category","embeddable":true,"href":"https:\/\/zjarr.tv\/sq\/wp-json\/wp\/v2\/categories?post=107043"},{"taxonomy":"post_tag","embeddable":true,"href":"https:\/\/zjarr.tv\/sq\/wp-json\/wp\/v2\/tags?post=107043"}],"curies":[{"name":"wp","href":"https:\/\/api.w.org\/{rel}","templated":true}]}}