{"id":107058,"date":"2019-09-15T17:19:09","date_gmt":"2019-09-15T15:19:09","guid":{"rendered":"https:\/\/zjarr.tv\/?p=107058"},"modified":"2019-09-15T17:19:09","modified_gmt":"2019-09-15T15:19:09","slug":"vrasja-e-santiago-malkos-shoqerohet-ne-polici-nje-39-vjecar","status":"publish","type":"post","link":"https:\/\/zjarr.tv\/sq\/vrasja-e-santiago-malkos-shoqerohet-ne-polici-nje-39-vjecar\/","title":{"rendered":"Vrasja e Santiago Malkos, shoq\u00ebrohet n\u00eb polici nj\u00eb 39-vje\u00e7ar"},"content":{"rendered":"<p>Nj\u00eb 39-vje\u00e7ar q\u00eb dyshohet se ka kryer veprime q\u00eb pengojn\u00eb zbardhjen e s\u00eb v\u00ebrtet\u00ebs n\u00eb lidhje me vrasjen e ish-efektivit t\u00eb policis\u00eb, Santiago Malko \u00ebsht\u00eb arrestuar nga Policia e Tiran\u00ebs.<\/p>\n<p>Ai \u00ebsht\u00eb Blendi Teta, nd\u00ebrsa burimet b\u00ebjn\u00eb t\u00eb ditur se ai nuk ka lidhje me ekzekutimin direkt, por dyshohet se ka pasur dijeni p\u00ebr ngjarjen.<\/p>\n<p>Shoq\u00ebrimi i tij n\u00eb Policin\u00eb e Tiran\u00ebs \u00ebsht\u00eb b\u00ebr\u00eb n\u00eb or\u00ebt e para t\u00eb s\u00eb diel\u00ebs dhe ndaj tij r\u00ebndojn\u00eb akuzat e kryer s\u00eb veprimeve q\u00eb pengojn\u00eb zbulimin e s\u00eb v\u00ebrtet\u00ebs dhe mos kall\u00ebzim t\u00eb krimit, por q\u00eb deri tani jan\u00eb mohuar nga 39-vje\u00e7ari.<\/p>\n<p><strong>Si ndodhi ngjarja<\/strong><\/p>\n<p>Vrasja ndodhi mbremjen e s\u00eb mart\u00ebs s\u00eb 27 gushtit rreth ores 22.20\u00a0minuta n\u00eb nje rruge te populluar afer Xhamllkut.<\/p>\n<p>Viktima, Santiago Malko m\u00ebsohet se \u00ebsht\u00eb q\u00ebllluar nga nj\u00eb automjet Benz ngjyre gri ku kan\u00eb q\u00ebne dy autor\u00ebt e maskuar me kapuc\u00eb, t\u00eb cil\u00ebt jan\u00eb fiksuar nga kamerat e siguris\u00eb.<\/p>\n<p>Sipas deshmitar\u00ebve njeri prej tyre ka q\u00eblluar me bresh\u00ebri automatiku ne drejtim te mjetit t\u00eb 26 vje\u00e7arit sapo ky i fundit doli nga lavazhi.<\/p>\n<p>N\u00eb pak sekonda viktima ka humbur kontrollin dhe mjeti \u00ebsht\u00eb p\u00ebrplasur me murin e kompanis\u00eb aleat nd\u00ebrkoh\u00eb q\u00eb n\u00eb morin\u00eb e shumt\u00eb t\u00eb plumbave, dy kan\u00eb q\u00ebn\u00eb vdekjeprures p\u00ebr t\u00eb riun duke e kapur ne organet jetesore.<\/p>\n<p><strong>Pistat e hetimit<\/strong><\/p>\n<p>Pista kryesore e hetimit \u00ebsht\u00eb ajo e vrasjes p\u00ebr hakmarrje p\u00ebr shkak t\u00eb implikimit t\u00eb 26-vje\u00e7arit n\u00eb disa ngjarje kriminale, por po hetohet edhe aktiviteti i tij n\u00eb fush\u00ebn e loj\u00ebrave t\u00eb fatit.<\/p>\n","protected":false},"excerpt":{"rendered":"<p>Nj\u00eb 39-vje\u00e7ar q\u00eb dyshohet se ka kryer veprime q\u00eb pengojn\u00eb zbardhjen e s\u00eb v\u00ebrtet\u00ebs n\u00eb lidhje me vrasjen e ish-efektivit t\u00eb policis\u00eb, Santiago Malko \u00ebsht\u00eb arrestuar nga Policia e Tiran\u00ebs. Ai \u00ebsht\u00eb Blendi Teta, nd\u00ebrsa burimet b\u00ebjn\u00eb t\u00eb ditur se ai nuk ka lidhje me ekzekutimin direkt, por dyshohet se ka pasur dijeni p\u00ebr ngjarjen. [&hellip;]<\/p>\n","protected":false},"author":2013,"featured_media":107059,"comment_status":"open","ping_status":"closed","sticky":false,"template":"","format":"standard","meta":{"footnotes":""},"categories":[241,235],"tags":[],"class_list":{"0":"post-107058","1":"post","2":"type-post","3":"status-publish","4":"format-standard","5":"has-post-thumbnail","7":"category-aktualitet","8":"category-vendi"},"_links":{"self":[{"href":"https:\/\/zjarr.tv\/sq\/wp-json\/wp\/v2\/posts\/107058","targetHints":{"allow":["GET"]}}],"collection":[{"href":"https:\/\/zjarr.tv\/sq\/wp-json\/wp\/v2\/posts"}],"about":[{"href":"https:\/\/zjarr.tv\/sq\/wp-json\/wp\/v2\/types\/post"}],"author":[{"embeddable":true,"href":"https:\/\/zjarr.tv\/sq\/wp-json\/wp\/v2\/users\/2013"}],"replies":[{"embeddable":true,"href":"https:\/\/zjarr.tv\/sq\/wp-json\/wp\/v2\/comments?post=107058"}],"version-history":[{"count":0,"href":"https:\/\/zjarr.tv\/sq\/wp-json\/wp\/v2\/posts\/107058\/revisions"}],"wp:featuredmedia":[{"embeddable":true,"href":"https:\/\/zjarr.tv\/sq\/wp-json\/wp\/v2\/media\/107059"}],"wp:attachment":[{"href":"https:\/\/zjarr.tv\/sq\/wp-json\/wp\/v2\/media?parent=107058"}],"wp:term":[{"taxonomy":"category","embeddable":true,"href":"https:\/\/zjarr.tv\/sq\/wp-json\/wp\/v2\/categories?post=107058"},{"taxonomy":"post_tag","embeddable":true,"href":"https:\/\/zjarr.tv\/sq\/wp-json\/wp\/v2\/tags?post=107058"}],"curies":[{"name":"wp","href":"https:\/\/api.w.org\/{rel}","templated":true}]}}