{"id":107068,"date":"2019-09-16T10:26:59","date_gmt":"2019-09-16T08:26:59","guid":{"rendered":"https:\/\/zjarr.tv\/?p=107068"},"modified":"2019-09-16T10:26:59","modified_gmt":"2019-09-16T08:26:59","slug":"grupi-parlamentar-demokrat-kallezon-ppp-te-per-rruget-orikum-dukat-dhe-milot-balldren","status":"publish","type":"post","link":"https:\/\/zjarr.tv\/sq\/grupi-parlamentar-demokrat-kallezon-ppp-te-per-rruget-orikum-dukat-dhe-milot-balldren\/","title":{"rendered":"Grupi Parlamentar Demokrat kall\u00ebzon PPP-t\u00eb p\u00ebr rrug\u00ebt Orikum-Dukat dhe Milot-Balldren"},"content":{"rendered":"<p>Grupi Parlamentar Demokrat ka dor\u00ebzuar n\u00eb Prokurori nj\u00eb kall\u00ebzim p\u00ebr PPP e rrug\u00ebve Orikum-Dukat dhe Milot-Balldren.<\/p>\n<p>Kall\u00ebzimi u dor\u00ebzua nga deputeti Halit Valteri, i cili tha se ky kall\u00ebzim \u00ebsht\u00eb p\u00ebr t\u00eb nd\u00ebshkuar grabit\u00ebsit.<\/p>\n<p>N\u00eb kall\u00ebzim thuhet se grupi parlamentar demokrat K\u00ebrkon:\u00a0<em>&#8220;fillimin e procedimit penal n\u00eb funksion t\u00eb veprave penale t\u00eb parashikuara nga neni 258 i Kodit Penal &#8220;Shkelje e barazis\u00eb n\u00eb tendera&#8221; dhe nenit 248 i \u00a0Kodit Rrugor Shqiptar, Autoriteti kontraktor deri tek vendimarrje e K\u00ebshillit t\u00eb Ministrave lidhur me shkeljet penale t\u00eb konstatuara q\u00eb kan\u00eb t\u00eb b\u00ebjn\u00eb me PPP p\u00ebr segmentin rrugor &#8220;Porti i Jahteve- By Pas- Orikum- Dukat dhe PPP p\u00ebr segmentin rrugor Milot-Balldren&#8221;<\/em><\/p>\n<p><a href=\"https:\/\/zjarr.tv\/wp-content\/uploads\/2019\/09\/kallezim_penal.jpg\"><img loading=\"lazy\" decoding=\"async\" class=\"alignnone size-full wp-image-107069\" src=\"https:\/\/zjarr.tv\/wp-content\/uploads\/2019\/09\/kallezim_penal.jpg\" alt=\"\" width=\"840\" height=\"460\" srcset=\"https:\/\/zjarr.tv\/wp-content\/uploads\/2019\/09\/kallezim_penal.jpg 840w, https:\/\/zjarr.tv\/wp-content\/uploads\/2019\/09\/kallezim_penal-300x164.jpg 300w, https:\/\/zjarr.tv\/wp-content\/uploads\/2019\/09\/kallezim_penal-768x421.jpg 768w, https:\/\/zjarr.tv\/wp-content\/uploads\/2019\/09\/kallezim_penal-696x381.jpg 696w, https:\/\/zjarr.tv\/wp-content\/uploads\/2019\/09\/kallezim_penal-767x420.jpg 767w\" sizes=\"auto, (max-width: 840px) 100vw, 840px\" \/><\/a><\/p>\n","protected":false},"excerpt":{"rendered":"<p>Grupi Parlamentar Demokrat ka dor\u00ebzuar n\u00eb Prokurori nj\u00eb kall\u00ebzim p\u00ebr PPP e rrug\u00ebve Orikum-Dukat dhe Milot-Balldren. Kall\u00ebzimi u dor\u00ebzua nga deputeti Halit Valteri, i cili tha se ky kall\u00ebzim \u00ebsht\u00eb p\u00ebr t\u00eb nd\u00ebshkuar grabit\u00ebsit. N\u00eb kall\u00ebzim thuhet se grupi parlamentar demokrat K\u00ebrkon:\u00a0&#8220;fillimin e procedimit penal n\u00eb funksion t\u00eb veprave penale t\u00eb parashikuara nga neni 258 [&hellip;]<\/p>\n","protected":false},"author":4,"featured_media":107070,"comment_status":"open","ping_status":"closed","sticky":false,"template":"","format":"standard","meta":{"footnotes":""},"categories":[241,231,235],"tags":[],"class_list":{"0":"post-107068","1":"post","2":"type-post","3":"status-publish","4":"format-standard","5":"has-post-thumbnail","7":"category-aktualitet","8":"category-lajme","9":"category-vendi"},"_links":{"self":[{"href":"https:\/\/zjarr.tv\/sq\/wp-json\/wp\/v2\/posts\/107068","targetHints":{"allow":["GET"]}}],"collection":[{"href":"https:\/\/zjarr.tv\/sq\/wp-json\/wp\/v2\/posts"}],"about":[{"href":"https:\/\/zjarr.tv\/sq\/wp-json\/wp\/v2\/types\/post"}],"author":[{"embeddable":true,"href":"https:\/\/zjarr.tv\/sq\/wp-json\/wp\/v2\/users\/4"}],"replies":[{"embeddable":true,"href":"https:\/\/zjarr.tv\/sq\/wp-json\/wp\/v2\/comments?post=107068"}],"version-history":[{"count":0,"href":"https:\/\/zjarr.tv\/sq\/wp-json\/wp\/v2\/posts\/107068\/revisions"}],"wp:featuredmedia":[{"embeddable":true,"href":"https:\/\/zjarr.tv\/sq\/wp-json\/wp\/v2\/media\/107070"}],"wp:attachment":[{"href":"https:\/\/zjarr.tv\/sq\/wp-json\/wp\/v2\/media?parent=107068"}],"wp:term":[{"taxonomy":"category","embeddable":true,"href":"https:\/\/zjarr.tv\/sq\/wp-json\/wp\/v2\/categories?post=107068"},{"taxonomy":"post_tag","embeddable":true,"href":"https:\/\/zjarr.tv\/sq\/wp-json\/wp\/v2\/tags?post=107068"}],"curies":[{"name":"wp","href":"https:\/\/api.w.org\/{rel}","templated":true}]}}