{"id":107081,"date":"2019-09-16T13:22:05","date_gmt":"2019-09-16T11:22:05","guid":{"rendered":"https:\/\/zjarr.tv\/?p=107081"},"modified":"2019-09-16T13:22:05","modified_gmt":"2019-09-16T11:22:05","slug":"basha-uron-nxenesit-shprese-dhe-besim-per-nje-te-ardhme-me-e-mire","status":"publish","type":"post","link":"https:\/\/zjarr.tv\/sq\/basha-uron-nxenesit-shprese-dhe-besim-per-nje-te-ardhme-me-e-mire\/","title":{"rendered":"Basha uron nx\u00ebn\u00ebsit: Shpres\u00eb dhe besim p\u00ebr nj\u00eb t\u00eb ardhme m\u00eb e mir\u00eb"},"content":{"rendered":"<p>Kreu i opozit\u00ebs Lulzim Basha n\u00ebp\u00ebrmjet nj\u00eb mesazhi n\u00eb faqen e tij n\u00eb facebook ka uruar nisjen e procesit m\u00ebsimor p\u00ebr k\u00ebt\u00eb vit.<\/p>\n<p>\u201cLulet q\u00eb mbajn\u00eb sot vog\u00eblush\u00ebt n\u00eb duar jan\u00eb simboli i shpres\u00ebs dhe besimit tek nj\u00eb e ardhme m\u00eb e mir\u00eb p\u00ebr t\u00eb gjith\u00eb f\u00ebmij\u00ebt e Shqip\u00ebris\u00eb, q\u00eb nuk do t\u00eb vonoj\u00eb!\u201d, shkruan Basha.<\/p>\n<p><strong>Ja postimi i plot\u00eb:<\/strong><\/p>\n<p>T\u00eb dashur nx\u00ebn\u00ebs, prind\u00ebr dhe m\u00ebsues, ju uroj nga zemra vit shkollor t\u00eb mbar\u00eb dhe t\u00eb ndri\u00e7uar nga drita e dijes! Lulet q\u00eb mbajn\u00eb sot vog\u00eblush\u00ebt n\u00eb duar jan\u00eb simboli i shpres\u00ebs dhe besimit tek nj\u00eb e ardhme m\u00eb e mir\u00eb p\u00ebr t\u00eb gjith\u00eb f\u00ebmij\u00ebt e Shqip\u00ebris\u00eb, q\u00eb nuk do t\u00eb vonoj\u00eb!<\/p>\n","protected":false},"excerpt":{"rendered":"<p>Kreu i opozit\u00ebs Lulzim Basha n\u00ebp\u00ebrmjet nj\u00eb mesazhi n\u00eb faqen e tij n\u00eb facebook ka uruar nisjen e procesit m\u00ebsimor p\u00ebr k\u00ebt\u00eb vit. \u201cLulet q\u00eb mbajn\u00eb sot vog\u00eblush\u00ebt n\u00eb duar jan\u00eb simboli i shpres\u00ebs dhe besimit tek nj\u00eb e ardhme m\u00eb e mir\u00eb p\u00ebr t\u00eb gjith\u00eb f\u00ebmij\u00ebt e Shqip\u00ebris\u00eb, q\u00eb nuk do t\u00eb vonoj\u00eb!\u201d, shkruan [&hellip;]<\/p>\n","protected":false},"author":2013,"featured_media":107082,"comment_status":"open","ping_status":"closed","sticky":false,"template":"","format":"standard","meta":{"footnotes":""},"categories":[241,235],"tags":[],"class_list":{"0":"post-107081","1":"post","2":"type-post","3":"status-publish","4":"format-standard","5":"has-post-thumbnail","7":"category-aktualitet","8":"category-vendi"},"_links":{"self":[{"href":"https:\/\/zjarr.tv\/sq\/wp-json\/wp\/v2\/posts\/107081","targetHints":{"allow":["GET"]}}],"collection":[{"href":"https:\/\/zjarr.tv\/sq\/wp-json\/wp\/v2\/posts"}],"about":[{"href":"https:\/\/zjarr.tv\/sq\/wp-json\/wp\/v2\/types\/post"}],"author":[{"embeddable":true,"href":"https:\/\/zjarr.tv\/sq\/wp-json\/wp\/v2\/users\/2013"}],"replies":[{"embeddable":true,"href":"https:\/\/zjarr.tv\/sq\/wp-json\/wp\/v2\/comments?post=107081"}],"version-history":[{"count":0,"href":"https:\/\/zjarr.tv\/sq\/wp-json\/wp\/v2\/posts\/107081\/revisions"}],"wp:featuredmedia":[{"embeddable":true,"href":"https:\/\/zjarr.tv\/sq\/wp-json\/wp\/v2\/media\/107082"}],"wp:attachment":[{"href":"https:\/\/zjarr.tv\/sq\/wp-json\/wp\/v2\/media?parent=107081"}],"wp:term":[{"taxonomy":"category","embeddable":true,"href":"https:\/\/zjarr.tv\/sq\/wp-json\/wp\/v2\/categories?post=107081"},{"taxonomy":"post_tag","embeddable":true,"href":"https:\/\/zjarr.tv\/sq\/wp-json\/wp\/v2\/tags?post=107081"}],"curies":[{"name":"wp","href":"https:\/\/api.w.org\/{rel}","templated":true}]}}