{"id":107086,"date":"2019-09-16T13:23:42","date_gmt":"2019-09-16T11:23:42","guid":{"rendered":"https:\/\/zjarr.tv\/?p=107086"},"modified":"2019-09-16T13:23:42","modified_gmt":"2019-09-16T11:23:42","slug":"aksidenti-tragjik-ne-korce-arrestohet-shoferi-i-benzit","status":"publish","type":"post","link":"https:\/\/zjarr.tv\/sq\/aksidenti-tragjik-ne-korce-arrestohet-shoferi-i-benzit\/","title":{"rendered":"Aksidenti tragjik n\u00eb Kor\u00e7\u00eb, arrestohet shoferi i benzit"},"content":{"rendered":"<p>Nj\u00eb aksident tragjik ndodhi dje pasdite n\u00eb aksin rrugor Kor\u00e7\u00eb-Pogradec, n\u00eb fshatin Leshnic\u00eb.<\/p>\n<p>Dy makina u p\u00ebrplas\u00ebn me nj\u00ebra-tjetr\u00ebn, e p\u00ebr pasoj\u00eb 4 persona mbet\u00ebn t\u00eb plagosur, nd\u00ebrsa 55-vje\u00e7ari Agron Qamo q\u00eb ndodhej n\u00eb automjetin tip Golf ka humbur jet\u00ebn.<\/p>\n<div id=\"rekl-28\"><\/div>\n<p>Sot \u00ebsht\u00eb arrestuar drejtuesi i mjetit tip Benz, Daniel Hyka, pasi akuzohet se ka kryer parakalim t\u00eb gabuar, gj\u00eb q\u00eb ka shkaktuar aksidentin e r\u00ebnd\u00eb.<\/p>\n","protected":false},"excerpt":{"rendered":"<p>Nj\u00eb aksident tragjik ndodhi dje pasdite n\u00eb aksin rrugor Kor\u00e7\u00eb-Pogradec, n\u00eb fshatin Leshnic\u00eb. Dy makina u p\u00ebrplas\u00ebn me nj\u00ebra-tjetr\u00ebn, e p\u00ebr pasoj\u00eb 4 persona mbet\u00ebn t\u00eb plagosur, nd\u00ebrsa 55-vje\u00e7ari Agron Qamo q\u00eb ndodhej n\u00eb automjetin tip Golf ka humbur jet\u00ebn. Sot \u00ebsht\u00eb arrestuar drejtuesi i mjetit tip Benz, Daniel Hyka, pasi akuzohet se ka kryer [&hellip;]<\/p>\n","protected":false},"author":2013,"featured_media":107088,"comment_status":"open","ping_status":"closed","sticky":false,"template":"","format":"standard","meta":{"footnotes":""},"categories":[241,235],"tags":[],"class_list":{"0":"post-107086","1":"post","2":"type-post","3":"status-publish","4":"format-standard","5":"has-post-thumbnail","7":"category-aktualitet","8":"category-vendi"},"_links":{"self":[{"href":"https:\/\/zjarr.tv\/sq\/wp-json\/wp\/v2\/posts\/107086","targetHints":{"allow":["GET"]}}],"collection":[{"href":"https:\/\/zjarr.tv\/sq\/wp-json\/wp\/v2\/posts"}],"about":[{"href":"https:\/\/zjarr.tv\/sq\/wp-json\/wp\/v2\/types\/post"}],"author":[{"embeddable":true,"href":"https:\/\/zjarr.tv\/sq\/wp-json\/wp\/v2\/users\/2013"}],"replies":[{"embeddable":true,"href":"https:\/\/zjarr.tv\/sq\/wp-json\/wp\/v2\/comments?post=107086"}],"version-history":[{"count":0,"href":"https:\/\/zjarr.tv\/sq\/wp-json\/wp\/v2\/posts\/107086\/revisions"}],"wp:featuredmedia":[{"embeddable":true,"href":"https:\/\/zjarr.tv\/sq\/wp-json\/wp\/v2\/media\/107088"}],"wp:attachment":[{"href":"https:\/\/zjarr.tv\/sq\/wp-json\/wp\/v2\/media?parent=107086"}],"wp:term":[{"taxonomy":"category","embeddable":true,"href":"https:\/\/zjarr.tv\/sq\/wp-json\/wp\/v2\/categories?post=107086"},{"taxonomy":"post_tag","embeddable":true,"href":"https:\/\/zjarr.tv\/sq\/wp-json\/wp\/v2\/tags?post=107086"}],"curies":[{"name":"wp","href":"https:\/\/api.w.org\/{rel}","templated":true}]}}