{"id":107095,"date":"2019-09-16T13:25:41","date_gmt":"2019-09-16T11:25:41","guid":{"rendered":"https:\/\/zjarr.tv\/?p=107095"},"modified":"2019-09-16T13:25:41","modified_gmt":"2019-09-16T11:25:41","slug":"shtyhet-gjyqi-i-arbi-garden-leterporosia-mban-peng-procesin-ne-shqiperi","status":"publish","type":"post","link":"https:\/\/zjarr.tv\/sq\/shtyhet-gjyqi-i-arbi-garden-leterporosia-mban-peng-procesin-ne-shqiperi\/","title":{"rendered":"Shtyhet gjyqi i \u2018Arbi Garden\u2019, let\u00ebrporosia mban \u2018peng\u2019 procesin n\u00eb Shqip\u00ebri"},"content":{"rendered":"<p>Sot ishte parashikuar q\u00eb t\u00eb startonte gjyqi n\u00eb Shqip\u00ebri p\u00ebr Arb\u00ebr \u00c7ekajn, i cili akuzohet si i dyshuar p\u00ebr trafikimin e 613 kg kokaine, q\u00eb u gjet\u00ebn n\u00eb nj\u00eb trajler n\u00eb magazinat e \u2018Arbri Garden\u2019 n\u00eb Maminas, por seanca \u00ebsht\u00eb shtyr\u00eb.<\/p>\n<p>Mediat raportojn\u00eb se shkak i shtyrjes \u00ebsht\u00eb b\u00ebr\u00eb fakti se ende nuk ka mb\u00ebrritur let\u00ebrporosia p\u00ebr marrjen n\u00eb dijeni t\u00eb \u00c7ekajt, p\u00ebr nisjen e procesit gjyq\u00ebsore ne vendin ton\u00eb.<\/p>\n<p>M\u00ebsohet se n\u00eb sall\u00eb mungonte edhe avokati i Arb\u00ebr \u00c7akajt, Maks Haxhia, nd\u00ebrsa seanca e radh\u00ebs u la p\u00ebr n\u00eb 30 shtator, n\u00eb or\u00ebn 10:30.<\/p>\n","protected":false},"excerpt":{"rendered":"<p>Sot ishte parashikuar q\u00eb t\u00eb startonte gjyqi n\u00eb Shqip\u00ebri p\u00ebr Arb\u00ebr \u00c7ekajn, i cili akuzohet si i dyshuar p\u00ebr trafikimin e 613 kg kokaine, q\u00eb u gjet\u00ebn n\u00eb nj\u00eb trajler n\u00eb magazinat e \u2018Arbri Garden\u2019 n\u00eb Maminas, por seanca \u00ebsht\u00eb shtyr\u00eb. Mediat raportojn\u00eb se shkak i shtyrjes \u00ebsht\u00eb b\u00ebr\u00eb fakti se ende nuk ka mb\u00ebrritur [&hellip;]<\/p>\n","protected":false},"author":2013,"featured_media":44639,"comment_status":"open","ping_status":"closed","sticky":false,"template":"","format":"standard","meta":{"footnotes":""},"categories":[241,235],"tags":[],"class_list":{"0":"post-107095","1":"post","2":"type-post","3":"status-publish","4":"format-standard","5":"has-post-thumbnail","7":"category-aktualitet","8":"category-vendi"},"_links":{"self":[{"href":"https:\/\/zjarr.tv\/sq\/wp-json\/wp\/v2\/posts\/107095","targetHints":{"allow":["GET"]}}],"collection":[{"href":"https:\/\/zjarr.tv\/sq\/wp-json\/wp\/v2\/posts"}],"about":[{"href":"https:\/\/zjarr.tv\/sq\/wp-json\/wp\/v2\/types\/post"}],"author":[{"embeddable":true,"href":"https:\/\/zjarr.tv\/sq\/wp-json\/wp\/v2\/users\/2013"}],"replies":[{"embeddable":true,"href":"https:\/\/zjarr.tv\/sq\/wp-json\/wp\/v2\/comments?post=107095"}],"version-history":[{"count":0,"href":"https:\/\/zjarr.tv\/sq\/wp-json\/wp\/v2\/posts\/107095\/revisions"}],"wp:featuredmedia":[{"embeddable":true,"href":"https:\/\/zjarr.tv\/sq\/wp-json\/wp\/v2\/media\/44639"}],"wp:attachment":[{"href":"https:\/\/zjarr.tv\/sq\/wp-json\/wp\/v2\/media?parent=107095"}],"wp:term":[{"taxonomy":"category","embeddable":true,"href":"https:\/\/zjarr.tv\/sq\/wp-json\/wp\/v2\/categories?post=107095"},{"taxonomy":"post_tag","embeddable":true,"href":"https:\/\/zjarr.tv\/sq\/wp-json\/wp\/v2\/tags?post=107095"}],"curies":[{"name":"wp","href":"https:\/\/api.w.org\/{rel}","templated":true}]}}