{"id":107101,"date":"2019-09-16T13:27:32","date_gmt":"2019-09-16T11:27:32","guid":{"rendered":"https:\/\/zjarr.tv\/?p=107101"},"modified":"2019-09-16T13:27:32","modified_gmt":"2019-09-16T11:27:32","slug":"kryemadhi-uron-nxenesit-bekimi-si-nene-nje-vit-i-mbare-per-te-gjithe-ju-si-politikane-premtimet-tona-te-qarta-e-te-sinqerta","status":"publish","type":"post","link":"https:\/\/zjarr.tv\/sq\/kryemadhi-uron-nxenesit-bekimi-si-nene-nje-vit-i-mbare-per-te-gjithe-ju-si-politikane-premtimet-tona-te-qarta-e-te-sinqerta\/","title":{"rendered":"Kryemadhi uron nx\u00ebn\u00ebsit: Bekimi si n\u00ebn\u00eb, nj\u00eb vit i mbar\u00eb p\u00ebr t\u00eb gjith\u00eb ju! Si politikane, premtimet tona t\u00eb qarta e t\u00eb sinqerta"},"content":{"rendered":"<div class=\"readmore-text-here\">\n<p>Monika Kryemadhi ka uruar sot t\u00eb gjith\u00eb nx\u00ebn\u00ebsit q\u00eb kan\u00eb filluar dit\u00ebn e par\u00eb t\u00eb shkoll\u00ebs, me nj\u00eb postim n\u00eb Facebook.<\/p>\n<p>Postimi i plot\u00eb.<\/p>\n<p>Nj\u00eb urim t\u00eb ve\u00e7ant\u00eb p\u00ebr t\u00eb gjith\u00eb nx\u00ebn\u00ebsit, q\u00eb ulen sot n\u00eb bankat e shkoll\u00ebs<\/p>\n<p>P\u00ebr ata t\u00eb shk\u00eblqyerit, q\u00eb na kan\u00eb nderuar me rezultatet e tyre anemban\u00eb bot\u00ebs. P\u00ebr ata, q\u00eb me sakrificat e m\u00ebdha t\u00eb prind\u00ebrve t\u00eb tyre p\u00ebrpiqen \u00e7do dit\u00eb t\u00eb jen\u00eb m\u00eb t\u00eb mir\u00ebt.<\/p>\n<p>P\u00ebr ata nx\u00ebn\u00ebs, q\u00eb sfidojn\u00eb varf\u00ebrin\u00eb, mjerimin dhe ndjekin shkoll\u00ebn n\u00eb kushte t\u00eb v\u00ebshtira. P\u00ebr t\u00eb gjith\u00eb ata f\u00ebmij\u00eb q\u00eb, \u00e7do m\u00ebngjes marrin bekimin dhe urimin e prind\u00ebrve p\u00ebr t\u00eb ecur n\u00eb rrug\u00ebn e dijes.<\/p>\n<p>Qoft\u00eb nj\u00eb vit i mbar\u00eb p\u00ebr t\u00eb gjith\u00eb nx\u00ebn\u00ebsit n\u00eb mbar\u00eb Shqip\u00ebrin\u00eb!<\/p>\n<p>Ky urim \u00ebsht\u00eb bekimi im si n\u00ebn\u00eb p\u00ebr ju.<\/p>\n<p>Nd\u00ebrsa si politikane m\u00eb duhet t\u00eb reflektoj dhe punoj m\u00eb shum\u00eb, q\u00eb arsimi n\u00eb Shqip\u00ebri t\u00eb jet\u00eb m\u00eb cil\u00ebsor, q\u00eb shkollat, klasat dhe m\u00ebsuesit t\u00eb jen\u00eb n\u00eb nivelet q\u00eb f\u00ebmij\u00ebt meritojn\u00eb.<\/p>\n<p>Q\u00eb askush nga politika t\u00eb mos tallet dhe ta p\u00ebrdor\u00eb arsimin falas si mjet t\u00eb propagand\u00ebs, por ta b\u00ebj\u00eb at\u00eb t\u00eb preksh\u00ebm p\u00ebr t\u00eb gjith\u00eb familjet shqiptare nga Vermoshi n\u00eb Konispol.<\/p>\n<p>Ky \u00ebsht\u00eb dhe do t\u00eb mbetet misioni im dhe i LSI. Ndaj n\u00eb k\u00ebt\u00eb dit\u00eb, uroj q\u00eb dhe premtimet tona ndaj jush t\u00eb dashur nx\u00ebn\u00ebs t\u00eb jen\u00eb t\u00eb qarta dhe t\u00eb sinqerta, t\u00eb thjeshta dhe plot me energji.<\/p>\n<p>Si\u00e7 jeni dhe ju, brezi q\u00eb padyshim do nd\u00ebrtoni nj\u00eb Shqip\u00ebri m\u00eb t\u00eb mir\u00eb!<\/p>\n<p><img decoding=\"async\" src=\"https:\/\/www.syri.net\/uploads\/syri.net\/images\/2019\/September\/16\/auto_Screenshot_11568625865.jpg\" alt=\"Image\" \/><\/p>\n<\/div>\n<div id=\"rekl-33\"><\/div>\n","protected":false},"excerpt":{"rendered":"<p>Monika Kryemadhi ka uruar sot t\u00eb gjith\u00eb nx\u00ebn\u00ebsit q\u00eb kan\u00eb filluar dit\u00ebn e par\u00eb t\u00eb shkoll\u00ebs, me nj\u00eb postim n\u00eb Facebook. Postimi i plot\u00eb. Nj\u00eb urim t\u00eb ve\u00e7ant\u00eb p\u00ebr t\u00eb gjith\u00eb nx\u00ebn\u00ebsit, q\u00eb ulen sot n\u00eb bankat e shkoll\u00ebs P\u00ebr ata t\u00eb shk\u00eblqyerit, q\u00eb na kan\u00eb nderuar me rezultatet e tyre anemban\u00eb bot\u00ebs. P\u00ebr ata, [&hellip;]<\/p>\n","protected":false},"author":2013,"featured_media":42979,"comment_status":"open","ping_status":"closed","sticky":false,"template":"","format":"standard","meta":{"footnotes":""},"categories":[241,235],"tags":[],"class_list":{"0":"post-107101","1":"post","2":"type-post","3":"status-publish","4":"format-standard","5":"has-post-thumbnail","7":"category-aktualitet","8":"category-vendi"},"_links":{"self":[{"href":"https:\/\/zjarr.tv\/sq\/wp-json\/wp\/v2\/posts\/107101","targetHints":{"allow":["GET"]}}],"collection":[{"href":"https:\/\/zjarr.tv\/sq\/wp-json\/wp\/v2\/posts"}],"about":[{"href":"https:\/\/zjarr.tv\/sq\/wp-json\/wp\/v2\/types\/post"}],"author":[{"embeddable":true,"href":"https:\/\/zjarr.tv\/sq\/wp-json\/wp\/v2\/users\/2013"}],"replies":[{"embeddable":true,"href":"https:\/\/zjarr.tv\/sq\/wp-json\/wp\/v2\/comments?post=107101"}],"version-history":[{"count":0,"href":"https:\/\/zjarr.tv\/sq\/wp-json\/wp\/v2\/posts\/107101\/revisions"}],"wp:featuredmedia":[{"embeddable":true,"href":"https:\/\/zjarr.tv\/sq\/wp-json\/wp\/v2\/media\/42979"}],"wp:attachment":[{"href":"https:\/\/zjarr.tv\/sq\/wp-json\/wp\/v2\/media?parent=107101"}],"wp:term":[{"taxonomy":"category","embeddable":true,"href":"https:\/\/zjarr.tv\/sq\/wp-json\/wp\/v2\/categories?post=107101"},{"taxonomy":"post_tag","embeddable":true,"href":"https:\/\/zjarr.tv\/sq\/wp-json\/wp\/v2\/tags?post=107101"}],"curies":[{"name":"wp","href":"https:\/\/api.w.org\/{rel}","templated":true}]}}