{"id":107103,"date":"2019-09-16T13:28:14","date_gmt":"2019-09-16T11:28:14","guid":{"rendered":"https:\/\/zjarr.tv\/?p=107103"},"modified":"2019-09-16T13:28:14","modified_gmt":"2019-09-16T11:28:14","slug":"kallezohet-ne-prokurori-nenkryetari-i-bashkise-tirane-mazniku-dhe-biznesmeni-shkelqim-fusha","status":"publish","type":"post","link":"https:\/\/zjarr.tv\/sq\/kallezohet-ne-prokurori-nenkryetari-i-bashkise-tirane-mazniku-dhe-biznesmeni-shkelqim-fusha\/","title":{"rendered":"Kall\u00ebzohet n\u00eb Prokurori n\u00ebnkryetari i bashkis\u00eb Tiran\u00eb Mazniku dhe biznesmeni Shk\u00eblqim Fusha"},"content":{"rendered":"<p>Aleanca p\u00ebr Mbrojtjen e Teatrit ka kall\u00ebzuar n\u00eb Prokurorin\u00eb e Tiran\u00ebs n\u00ebnkryetarin e Bashkis\u00eb s\u00eb Tiran\u00ebs Arb\u00ebr Mazniku dhe biznesmenin Shk\u00eblqim Fusha, p\u00ebr shkak t\u00eb pagimit t\u00eb shpenzimeve t\u00eb udh\u00ebtimeve p\u00ebr zyrtarin e Bashkis\u00eb.<\/p>\n<p>\u201c\u00cbsht\u00eb e ndaluar q\u00eb nj\u00eb zyrtar t\u00eb k\u00ebrkoj\u00eb ose t\u00eb marr\u00eb n\u00eb m\u00ebnyr\u00eb t\u00eb drejtp\u00ebrdrejt\u00eb e t\u00eb t\u00ebrthort\u00eb, dhurata, favore, premtime ose trajtime preferenciale, t\u00eb cilat i jepen p\u00ebr shkak t\u00eb pozicionit t\u00eb tij, nga nj\u00eb individ , person juridik apo privat\u201d,\u00a0thuhet n\u00eb kall\u00ebzimin e AMT-s\u00eb, shkruan\u00a0fax web..<\/p>\n<div id=\"rekl-28\"><\/div>\n<p>Kujtojm\u00eb se Shk\u00eblqim Fusha pronar i kompanis\u00eb \u201cFusha SHPK\u201d i ka paguar n\u00ebnkryetarit t\u00eb Bashkis\u00eb s\u00eb Tiran\u00ebs, Arbjan Maznikut nj\u00eb fatur\u00eb n\u00eb hotelin \u201cAlma Barcelona\u201d n\u00eb Barcelon\u00eb t\u00eb Spanj\u00ebs.<\/p>\n<p>Fatura \u00ebsht\u00eb p\u00ebr 2 net dhe ka vler\u00ebn 1816 euro n\u00eb total. Sipas saj Mazniku do t\u00eb akomodohej n\u00eb hotel n\u00eb 19 qershor 2018 dhe do ta linte at\u00eb n\u00eb 21 qershor. Nga nj\u00eb k\u00ebrkim n\u00eb internet rezulton se pik\u00ebrisht n\u00eb k\u00ebto data Arbjan Mazniku ka qen\u00eb n\u00eb Barcelon\u00eb ku ka t\u00ebrhequr nj\u00eb \u00e7mim p\u00ebr Sheshin Sk\u00ebnderbej.<\/p>\n<p>\u201cFusha Shpk\u201d \u00ebsht\u00eb p\u00ebrmendur shpesh nga opozita si nj\u00eb kompani e preferuar e bashkis\u00eb s\u00eb Tiran\u00ebs pasi ka marr\u00eb tendera miliona eurosh prej saj.<\/p>\n<p>Vet\u00ebm p\u00ebr sheshin Sk\u00ebnderbej ajo ka marr\u00eb 22 milion\u00eb euro nd\u00ebrsa \u00ebsht\u00eb kompania t\u00eb cil\u00ebs i \u00ebsht\u00eb premtuar nd\u00ebrtimi i Teatrit t\u00eb ri Komb\u00ebtar duke iu dhuruar hap\u00ebsira e bashkis\u00eb pas tij ku do t\u00eb ngrihen kulla shum\u00ebkat\u00ebshe biznesi.<\/p>\n","protected":false},"excerpt":{"rendered":"<p>Aleanca p\u00ebr Mbrojtjen e Teatrit ka kall\u00ebzuar n\u00eb Prokurorin\u00eb e Tiran\u00ebs n\u00ebnkryetarin e Bashkis\u00eb s\u00eb Tiran\u00ebs Arb\u00ebr Mazniku dhe biznesmenin Shk\u00eblqim Fusha, p\u00ebr shkak t\u00eb pagimit t\u00eb shpenzimeve t\u00eb udh\u00ebtimeve p\u00ebr zyrtarin e Bashkis\u00eb. \u201c\u00cbsht\u00eb e ndaluar q\u00eb nj\u00eb zyrtar t\u00eb k\u00ebrkoj\u00eb ose t\u00eb marr\u00eb n\u00eb m\u00ebnyr\u00eb t\u00eb drejtp\u00ebrdrejt\u00eb e t\u00eb t\u00ebrthort\u00eb, dhurata, favore, premtime [&hellip;]<\/p>\n","protected":false},"author":2013,"featured_media":107105,"comment_status":"open","ping_status":"closed","sticky":false,"template":"","format":"standard","meta":{"footnotes":""},"categories":[241,235],"tags":[],"class_list":{"0":"post-107103","1":"post","2":"type-post","3":"status-publish","4":"format-standard","5":"has-post-thumbnail","7":"category-aktualitet","8":"category-vendi"},"_links":{"self":[{"href":"https:\/\/zjarr.tv\/sq\/wp-json\/wp\/v2\/posts\/107103","targetHints":{"allow":["GET"]}}],"collection":[{"href":"https:\/\/zjarr.tv\/sq\/wp-json\/wp\/v2\/posts"}],"about":[{"href":"https:\/\/zjarr.tv\/sq\/wp-json\/wp\/v2\/types\/post"}],"author":[{"embeddable":true,"href":"https:\/\/zjarr.tv\/sq\/wp-json\/wp\/v2\/users\/2013"}],"replies":[{"embeddable":true,"href":"https:\/\/zjarr.tv\/sq\/wp-json\/wp\/v2\/comments?post=107103"}],"version-history":[{"count":0,"href":"https:\/\/zjarr.tv\/sq\/wp-json\/wp\/v2\/posts\/107103\/revisions"}],"wp:featuredmedia":[{"embeddable":true,"href":"https:\/\/zjarr.tv\/sq\/wp-json\/wp\/v2\/media\/107105"}],"wp:attachment":[{"href":"https:\/\/zjarr.tv\/sq\/wp-json\/wp\/v2\/media?parent=107103"}],"wp:term":[{"taxonomy":"category","embeddable":true,"href":"https:\/\/zjarr.tv\/sq\/wp-json\/wp\/v2\/categories?post=107103"},{"taxonomy":"post_tag","embeddable":true,"href":"https:\/\/zjarr.tv\/sq\/wp-json\/wp\/v2\/tags?post=107103"}],"curies":[{"name":"wp","href":"https:\/\/api.w.org\/{rel}","templated":true}]}}