{"id":107109,"date":"2019-09-16T13:30:13","date_gmt":"2019-09-16T11:30:13","guid":{"rendered":"https:\/\/zjarr.tv\/?p=107109"},"modified":"2019-09-16T13:30:13","modified_gmt":"2019-09-16T11:30:13","slug":"theu-masen-e-sigurise-duke-drekuar-ne-restorant-arrestohet-33-vjecari","status":"publish","type":"post","link":"https:\/\/zjarr.tv\/sq\/theu-masen-e-sigurise-duke-drekuar-ne-restorant-arrestohet-33-vjecari\/","title":{"rendered":"Theu mas\u00ebn e siguris\u00eb duke drekuar n\u00eb restorant, arrestohet 33-vje\u00e7ari"},"content":{"rendered":"<p>Nj\u00eb 33-vje\u00e7ar n\u00eb Elbasan \u00ebsht\u00eb arrestuar n\u00eb flagranc\u00eb nga policia, teksa po drekonte n\u00eb nj\u00eb lokal, pasi kishte thyer mas\u00ebn e siguris\u00eb.<\/p>\n<p>Specialist\u00ebt p\u00ebr Hetimin e Krimit n\u00eb Komisariatin e Policis\u00eb Elbasan, n\u00eb bashk\u00ebpunim me forc\u00ebn e posa\u00e7me \u201cShqiponja\u201d t\u00eb DVP Elbasan, arrestuan n\u00eb flagranc\u00eb shtetasin Th. B., 33 vje\u00e7, banues n\u00eb Elbasan, pasi Gjykata e Rrethit Gjyq\u00ebsor Elbasan, p\u00ebr k\u00ebt\u00eb shtetas kishte vendosur mas\u00ebn e siguris\u00eb \u201cArrest n\u00eb sht\u00ebpi\u201d, si i dyshuari i vjedhjes me dhun\u00eb t\u00eb shtetasit A. V., ndodhur m\u00eb dat\u00eb 06.09.2019, n\u00eb Elbasan.<\/p>\n<p>Sh\u00ebrbimet e Policis\u00eb kan\u00eb marr\u00eb informacion nga qytetar\u00ebt se 33-vje\u00e7ari nuk zbatonte vendimin e Gjykat\u00ebs dhe kan\u00eb ushtruar kontroll p\u00ebr verifikim e mas\u00eb s\u00eb siguris\u00eb, por nuk e kan\u00eb gjetur n\u00eb banes\u00eb.<\/p>\n<p>Policia pas kontrollit e ka gjetur dhe arrestuar shtetasin Th. B., i cili ishte n\u00eb nj\u00eb lokal duke drekuar.<\/p>\n<p>Materialet hetimore i kaluan Prokuroris\u00eb pran\u00eb Gjykat\u00ebs s\u00eb Shkall\u00ebs Par\u00eb Elbasan, p\u00ebr vepr\u00ebn penale \u201cLargimi i t\u00eb burgosurit nga vendi i q\u00ebndrimit\u201d.<\/p>\n","protected":false},"excerpt":{"rendered":"<p>Nj\u00eb 33-vje\u00e7ar n\u00eb Elbasan \u00ebsht\u00eb arrestuar n\u00eb flagranc\u00eb nga policia, teksa po drekonte n\u00eb nj\u00eb lokal, pasi kishte thyer mas\u00ebn e siguris\u00eb. Specialist\u00ebt p\u00ebr Hetimin e Krimit n\u00eb Komisariatin e Policis\u00eb Elbasan, n\u00eb bashk\u00ebpunim me forc\u00ebn e posa\u00e7me \u201cShqiponja\u201d t\u00eb DVP Elbasan, arrestuan n\u00eb flagranc\u00eb shtetasin Th. B., 33 vje\u00e7, banues n\u00eb Elbasan, pasi Gjykata [&hellip;]<\/p>\n","protected":false},"author":2013,"featured_media":62246,"comment_status":"open","ping_status":"closed","sticky":false,"template":"","format":"standard","meta":{"footnotes":""},"categories":[241,235],"tags":[],"class_list":{"0":"post-107109","1":"post","2":"type-post","3":"status-publish","4":"format-standard","5":"has-post-thumbnail","7":"category-aktualitet","8":"category-vendi"},"_links":{"self":[{"href":"https:\/\/zjarr.tv\/sq\/wp-json\/wp\/v2\/posts\/107109","targetHints":{"allow":["GET"]}}],"collection":[{"href":"https:\/\/zjarr.tv\/sq\/wp-json\/wp\/v2\/posts"}],"about":[{"href":"https:\/\/zjarr.tv\/sq\/wp-json\/wp\/v2\/types\/post"}],"author":[{"embeddable":true,"href":"https:\/\/zjarr.tv\/sq\/wp-json\/wp\/v2\/users\/2013"}],"replies":[{"embeddable":true,"href":"https:\/\/zjarr.tv\/sq\/wp-json\/wp\/v2\/comments?post=107109"}],"version-history":[{"count":0,"href":"https:\/\/zjarr.tv\/sq\/wp-json\/wp\/v2\/posts\/107109\/revisions"}],"wp:featuredmedia":[{"embeddable":true,"href":"https:\/\/zjarr.tv\/sq\/wp-json\/wp\/v2\/media\/62246"}],"wp:attachment":[{"href":"https:\/\/zjarr.tv\/sq\/wp-json\/wp\/v2\/media?parent=107109"}],"wp:term":[{"taxonomy":"category","embeddable":true,"href":"https:\/\/zjarr.tv\/sq\/wp-json\/wp\/v2\/categories?post=107109"},{"taxonomy":"post_tag","embeddable":true,"href":"https:\/\/zjarr.tv\/sq\/wp-json\/wp\/v2\/tags?post=107109"}],"curies":[{"name":"wp","href":"https:\/\/api.w.org\/{rel}","templated":true}]}}