{"id":107111,"date":"2019-09-16T13:30:52","date_gmt":"2019-09-16T11:30:52","guid":{"rendered":"https:\/\/zjarr.tv\/?p=107111"},"modified":"2019-09-16T13:30:52","modified_gmt":"2019-09-16T11:30:52","slug":"tabaku-rama-vjedh-pronen-private-dhe-publike-me-vkm-ua-mer-pronareve-per-tua-falur-gjoja-investitoreve","status":"publish","type":"post","link":"https:\/\/zjarr.tv\/sq\/tabaku-rama-vjedh-pronen-private-dhe-publike-me-vkm-ua-mer-pronareve-per-tua-falur-gjoja-investitoreve\/","title":{"rendered":"Tabaku: Rama vjedh pron\u00ebn private dhe publike me VKM! Ua mer pronar\u00ebve p\u00ebr t\u2019ua falur gjoja investitor\u00ebve"},"content":{"rendered":"<p>Jorida Tabaku ka b\u00ebr\u00eb nj\u00eb denoncim t\u00eb fort\u00eb lidhur me projektligjin p\u00ebr Korporat\u00ebn e Investimeve Shqiptare (KISH), q\u00eb po diskutohet n\u00eb komisionin e Ekonomis\u00eb dhe Financave, duke zbardhur se cilat jan\u00eb intresat e v\u00ebreta t\u00eb k\u00ebtij projektligji.<\/p>\n<p>Ajo shpehet se qeveria shqiptare i jep t\u00eb drejt\u00ebn vetes, q\u00eb t\u00eb krijoj\u00eb k\u00ebt\u00eb korporat\u00eb dhe m\u00eb pas do t\u2019i kaloj\u00eb asaj me VKM trojet apo pronat e caktuara nga autoriteti lokal apo ministror n\u00eb fondin e saj.<\/p>\n<p><strong>Postimi i plot\u00eb<\/strong><\/p>\n<div id=\"rekl-13\">\n<div id=\"__sap-ad-15\" class=\"__sap-ads __sap-html tracked\" data-title=\"Credins desktop 08\"><\/div>\n<\/div>\n<p>Korporata e Investimeve: Si Rama do t\u00eb vendos\u00eb p\u00ebr t\u00eb gjitha pronat publike e private!<\/p>\n<p>Sot, n\u00eb komisionin e Ekonomis\u00eb dhe Financave po diskutohet projektligji p\u00ebr Korporat\u00ebn e Investimeve Shqiptare (KISH).<\/p>\n<p>Megjith\u00ebse drafti q\u00eb po diskutohet ka disa ndryshime n\u00eb raport me variantin e par\u00eb, k\u00ebto ndryshime jan\u00eb t\u00eb llojit estetik q\u00eb n\u00eb thelb nuk ndryshojn\u00eb frym\u00ebn dhe q\u00ebllimin e Korporat\u00ebs, pra kalimin e t\u00eb gjth\u00eb pronave n\u00eb duart e nj\u00eb njeriu.<\/p>\n<p>Drafti q\u00eb sot diskutohet n\u00eb Komision \u00ebsht\u00eb kund\u00ebrshti t\u00eb plot\u00eb me Kushtetut\u00ebn e RSH; Kjo pasi ai kund\u00ebrshton sigurin\u00eb fizike t\u00eb pron\u00ebs, qoft\u00eb ajo private apo shtet\u00ebrore.<\/p>\n<p>Korporata \u00ebsht\u00eb thjesht maska me t\u00eb cil\u00ebn Rama vesh fytyr\u00ebn e v\u00ebrtet\u00eb t\u00eb ligjit, nj\u00eb krijes\u00eb e tij dhe qeveris\u00eb p\u00ebr t\u00eb gllab\u00ebruar pronat publike dhe m\u00eb tej ato private t\u00eb Shqiptar\u00ebve.<\/p>\n<p>Sipas projektligjit qeveria shqiptare i jep t\u00eb drejt\u00ebn vetes q\u00eb t\u00eb krijoj\u00eb k\u00ebt\u00eb korporat\u00eb dhe m\u00eb pas do t\u2019i kaloj\u00eb asaj me VKM trojet apo pronat e caktuara nga autoriteti lokal apo ministror n\u00eb fondin e saj.<\/p>\n<p>Sipas nj\u00eb varianti t\u00eb Ligjit, do t\u00eb jen\u00eb k\u00ebto prona q\u00eb do t\u00eb jen\u00eb kapitali i k\u00ebsaj korporate n\u00eb treg.<\/p>\n<p>Megjith\u00ebse qeveria ka ndryshuar nenin n\u00eb lidhje me prokurimet publike s\u00ebrishmi ajo ka l\u00ebn\u00eb n\u00eb hije m\u00ebnyr\u00ebn se si operohet me to.<\/p>\n<p>Drafti i ri ngre \u00e7\u00ebshtjen e Prokurimeve q\u00eb nuk do t\u00eb jet\u00eb sipas standarteve t\u00eb ligjeve shqiptare megjith\u00ebse pronat publike q\u00eb do t\u00eb jepen nga KISH jan\u00eb publike. Ligji i jep mund\u00ebsin\u00eb KISH q\u00eb p\u00ebrmes VKM-ve ajo t\u00eb marr\u00eb edhe pron\u00ebn private t\u00eb qytetarit t\u00eb cilin shteti mund ta p\u00ebrllogaris\u00eb si gjoja n\u00eb interes publik.<\/p>\n<p>K\u00ebshtu pronat n\u00eb bregdet apo n\u00eb zona t\u00eb lakmuara t\u00eb vendit mund t\u00eb gllab\u00ebrohen nga KISH gjoja p\u00ebr interesa publik\u00eb p\u00ebr t\u2019iu dh\u00ebn\u00eb disa \u201cinvestitor\u00ebve\u201d t\u00eb huaj q\u00eb do t\u00eb bashk\u00ebpunojn\u00eb me KISH (pra kryeministrin).<\/p>\n<p>Projektligji p\u00ebr KISH \u00ebsht\u00eb vazhdim\u00ebsia e nj\u00eb rruge t\u00eb nisur me ligjin p\u00ebr investimet strategjike (q\u00eb ua vjedh pron\u00ebn pronar\u00ebve p\u00ebr t\u2019ua falur gjoja investitor\u00ebve), Ligji p\u00ebr Kthimin dhe Kompensimin e Pron\u00ebs t\u00eb vitit 2015, ligjet me emrat e biznesmen\u00ebve q\u00eb jan\u00eb votuar k\u00ebto 2 vitet e fundit masivisht n\u00eb parlament.<\/p>\n","protected":false},"excerpt":{"rendered":"<p>Jorida Tabaku ka b\u00ebr\u00eb nj\u00eb denoncim t\u00eb fort\u00eb lidhur me projektligjin p\u00ebr Korporat\u00ebn e Investimeve Shqiptare (KISH), q\u00eb po diskutohet n\u00eb komisionin e Ekonomis\u00eb dhe Financave, duke zbardhur se cilat jan\u00eb intresat e v\u00ebreta t\u00eb k\u00ebtij projektligji. Ajo shpehet se qeveria shqiptare i jep t\u00eb drejt\u00ebn vetes, q\u00eb t\u00eb krijoj\u00eb k\u00ebt\u00eb korporat\u00eb dhe m\u00eb pas [&hellip;]<\/p>\n","protected":false},"author":2013,"featured_media":38615,"comment_status":"open","ping_status":"closed","sticky":false,"template":"","format":"standard","meta":{"footnotes":""},"categories":[241,235],"tags":[],"class_list":{"0":"post-107111","1":"post","2":"type-post","3":"status-publish","4":"format-standard","5":"has-post-thumbnail","7":"category-aktualitet","8":"category-vendi"},"_links":{"self":[{"href":"https:\/\/zjarr.tv\/sq\/wp-json\/wp\/v2\/posts\/107111","targetHints":{"allow":["GET"]}}],"collection":[{"href":"https:\/\/zjarr.tv\/sq\/wp-json\/wp\/v2\/posts"}],"about":[{"href":"https:\/\/zjarr.tv\/sq\/wp-json\/wp\/v2\/types\/post"}],"author":[{"embeddable":true,"href":"https:\/\/zjarr.tv\/sq\/wp-json\/wp\/v2\/users\/2013"}],"replies":[{"embeddable":true,"href":"https:\/\/zjarr.tv\/sq\/wp-json\/wp\/v2\/comments?post=107111"}],"version-history":[{"count":0,"href":"https:\/\/zjarr.tv\/sq\/wp-json\/wp\/v2\/posts\/107111\/revisions"}],"wp:featuredmedia":[{"embeddable":true,"href":"https:\/\/zjarr.tv\/sq\/wp-json\/wp\/v2\/media\/38615"}],"wp:attachment":[{"href":"https:\/\/zjarr.tv\/sq\/wp-json\/wp\/v2\/media?parent=107111"}],"wp:term":[{"taxonomy":"category","embeddable":true,"href":"https:\/\/zjarr.tv\/sq\/wp-json\/wp\/v2\/categories?post=107111"},{"taxonomy":"post_tag","embeddable":true,"href":"https:\/\/zjarr.tv\/sq\/wp-json\/wp\/v2\/tags?post=107111"}],"curies":[{"name":"wp","href":"https:\/\/api.w.org\/{rel}","templated":true}]}}