{"id":107128,"date":"2019-09-16T13:47:32","date_gmt":"2019-09-16T11:47:32","guid":{"rendered":"https:\/\/zjarr.tv\/?p=107128"},"modified":"2019-09-16T13:47:32","modified_gmt":"2019-09-16T11:47:32","slug":"kukesi-perkujton-betejen-e-lumes","status":"publish","type":"post","link":"https:\/\/zjarr.tv\/sq\/kukesi-perkujton-betejen-e-lumes\/","title":{"rendered":"Kuk\u00ebsi p\u00ebrkujton betej\u00ebn e Lum\u00ebs"},"content":{"rendered":"<p>N\u00eb Kolesian t\u00eb Kuk\u00ebsit u p\u00ebrkujtua \u00a0107 vjetori i betej\u00ebs s\u00eb Lum\u00ebs dhe 102 vjetori i vdekjes s\u00eb patriotit dhe atdhetarit t\u00eb shquar Sali Spahia.<\/p>\n<p>Me nj\u00eb vendim unanim t\u00eb fshatit n\u00eb vitin 1917, Sali Spahia u preh pran\u00eb shkoll\u00ebs s\u00eb par\u00eb shqipe n\u00eb veri.<\/p>\n<p>N\u00eb cermoni, historiani Shefqet Hoxha u ndal ne rolin udh\u00ebheq\u00ebs t\u00eb Sali Spahis\u00eb n\u00eb betej\u00ebn e Lum\u00ebs t\u00eb vitit 1912.<\/p>\n<p>Sali Spahia vdiq n\u00eb vitin 1917 \u00ebsht\u00eb dekoruar n\u00eb vitin 1993 me motivacionin \u201cLuft\u00ebtar dhe propagandues p\u00ebr \u00e7lirimin dhe mbrojtjen e trojeve shqiptare&#8221;.<\/p>\n","protected":false},"excerpt":{"rendered":"<p>N\u00eb Kolesian t\u00eb Kuk\u00ebsit u p\u00ebrkujtua \u00a0107 vjetori i betej\u00ebs s\u00eb Lum\u00ebs dhe 102 vjetori i vdekjes s\u00eb patriotit dhe atdhetarit t\u00eb shquar Sali Spahia. Me nj\u00eb vendim unanim t\u00eb fshatit n\u00eb vitin 1917, Sali Spahia u preh pran\u00eb shkoll\u00ebs s\u00eb par\u00eb shqipe n\u00eb veri. N\u00eb cermoni, historiani Shefqet Hoxha u ndal ne rolin udh\u00ebheq\u00ebs [&hellip;]<\/p>\n","protected":false},"author":2013,"featured_media":107131,"comment_status":"open","ping_status":"closed","sticky":false,"template":"","format":"standard","meta":{"footnotes":""},"categories":[241,235],"tags":[],"class_list":{"0":"post-107128","1":"post","2":"type-post","3":"status-publish","4":"format-standard","5":"has-post-thumbnail","7":"category-aktualitet","8":"category-vendi"},"_links":{"self":[{"href":"https:\/\/zjarr.tv\/sq\/wp-json\/wp\/v2\/posts\/107128","targetHints":{"allow":["GET"]}}],"collection":[{"href":"https:\/\/zjarr.tv\/sq\/wp-json\/wp\/v2\/posts"}],"about":[{"href":"https:\/\/zjarr.tv\/sq\/wp-json\/wp\/v2\/types\/post"}],"author":[{"embeddable":true,"href":"https:\/\/zjarr.tv\/sq\/wp-json\/wp\/v2\/users\/2013"}],"replies":[{"embeddable":true,"href":"https:\/\/zjarr.tv\/sq\/wp-json\/wp\/v2\/comments?post=107128"}],"version-history":[{"count":0,"href":"https:\/\/zjarr.tv\/sq\/wp-json\/wp\/v2\/posts\/107128\/revisions"}],"wp:featuredmedia":[{"embeddable":true,"href":"https:\/\/zjarr.tv\/sq\/wp-json\/wp\/v2\/media\/107131"}],"wp:attachment":[{"href":"https:\/\/zjarr.tv\/sq\/wp-json\/wp\/v2\/media?parent=107128"}],"wp:term":[{"taxonomy":"category","embeddable":true,"href":"https:\/\/zjarr.tv\/sq\/wp-json\/wp\/v2\/categories?post=107128"},{"taxonomy":"post_tag","embeddable":true,"href":"https:\/\/zjarr.tv\/sq\/wp-json\/wp\/v2\/tags?post=107128"}],"curies":[{"name":"wp","href":"https:\/\/api.w.org\/{rel}","templated":true}]}}