{"id":107138,"date":"2019-09-16T15:22:48","date_gmt":"2019-09-16T13:22:48","guid":{"rendered":"https:\/\/zjarr.tv\/?p=107138"},"modified":"2019-09-16T15:22:48","modified_gmt":"2019-09-16T13:22:48","slug":"aksident-masiv-ne-rrugen-lezhe-fushe-kruje-betonieria-can-me-dysh-mercedezin","status":"publish","type":"post","link":"https:\/\/zjarr.tv\/sq\/aksident-masiv-ne-rrugen-lezhe-fushe-kruje-betonieria-can-me-dysh-mercedezin\/","title":{"rendered":"Aksident masiv n\u00eb rrug\u00ebn Lezh\u00eb-Fush\u00eb Kruj\u00eb, betonieria \u00e7an m\u00eb dysh Mercedezin!"},"content":{"rendered":"<p>Nj\u00eb aksident i r\u00ebnd\u00eb ka ndodhur minutat e fundit n\u00eb rrug\u00ebn q\u00eb lidh Lezh\u00ebn me Fush\u00eb Kruj\u00eb. Sipas njoftimeve paraprake, disa mjete jan\u00eb p\u00ebrfshir\u00eb n\u00eb aksident n\u00eb nj\u00eb zon\u00eb pran\u00eb rrug\u00ebs q\u00eb shkon p\u00ebr n\u00eb Ishull Lezh\u00eb.<\/p>\n<p>Nga fotot duket nj\u00eb automjet Mercedes q\u00eb \u00ebsht\u00eb ndar\u00eb n\u00eb mes dhe \u00ebsht\u00eb shtypur nga p\u00ebrplasja me nj\u00eb betoniere. Rruga \u00ebsht\u00eb bllokuar nga policia p\u00ebr shkak t\u00eb aksidentit.<\/p>\n<div id=\"rekl-28\"><\/div>\n","protected":false},"excerpt":{"rendered":"<p>Nj\u00eb aksident i r\u00ebnd\u00eb ka ndodhur minutat e fundit n\u00eb rrug\u00ebn q\u00eb lidh Lezh\u00ebn me Fush\u00eb Kruj\u00eb. Sipas njoftimeve paraprake, disa mjete jan\u00eb p\u00ebrfshir\u00eb n\u00eb aksident n\u00eb nj\u00eb zon\u00eb pran\u00eb rrug\u00ebs q\u00eb shkon p\u00ebr n\u00eb Ishull Lezh\u00eb. Nga fotot duket nj\u00eb automjet Mercedes q\u00eb \u00ebsht\u00eb ndar\u00eb n\u00eb mes dhe \u00ebsht\u00eb shtypur nga p\u00ebrplasja me nj\u00eb [&hellip;]<\/p>\n","protected":false},"author":2013,"featured_media":107139,"comment_status":"open","ping_status":"closed","sticky":false,"template":"","format":"standard","meta":{"footnotes":""},"categories":[241,235],"tags":[],"class_list":{"0":"post-107138","1":"post","2":"type-post","3":"status-publish","4":"format-standard","5":"has-post-thumbnail","7":"category-aktualitet","8":"category-vendi"},"_links":{"self":[{"href":"https:\/\/zjarr.tv\/sq\/wp-json\/wp\/v2\/posts\/107138","targetHints":{"allow":["GET"]}}],"collection":[{"href":"https:\/\/zjarr.tv\/sq\/wp-json\/wp\/v2\/posts"}],"about":[{"href":"https:\/\/zjarr.tv\/sq\/wp-json\/wp\/v2\/types\/post"}],"author":[{"embeddable":true,"href":"https:\/\/zjarr.tv\/sq\/wp-json\/wp\/v2\/users\/2013"}],"replies":[{"embeddable":true,"href":"https:\/\/zjarr.tv\/sq\/wp-json\/wp\/v2\/comments?post=107138"}],"version-history":[{"count":0,"href":"https:\/\/zjarr.tv\/sq\/wp-json\/wp\/v2\/posts\/107138\/revisions"}],"wp:featuredmedia":[{"embeddable":true,"href":"https:\/\/zjarr.tv\/sq\/wp-json\/wp\/v2\/media\/107139"}],"wp:attachment":[{"href":"https:\/\/zjarr.tv\/sq\/wp-json\/wp\/v2\/media?parent=107138"}],"wp:term":[{"taxonomy":"category","embeddable":true,"href":"https:\/\/zjarr.tv\/sq\/wp-json\/wp\/v2\/categories?post=107138"},{"taxonomy":"post_tag","embeddable":true,"href":"https:\/\/zjarr.tv\/sq\/wp-json\/wp\/v2\/tags?post=107138"}],"curies":[{"name":"wp","href":"https:\/\/api.w.org\/{rel}","templated":true}]}}