{"id":107147,"date":"2019-09-16T15:49:01","date_gmt":"2019-09-16T13:49:01","guid":{"rendered":"https:\/\/zjarr.tv\/?p=107147"},"modified":"2019-09-16T15:49:01","modified_gmt":"2019-09-16T13:49:01","slug":"meta-ben-homazhe-dhe-nderon-gjeneral-rrahman-parllakun-do-te-jete-gjithmone-mes-nesh","status":"publish","type":"post","link":"https:\/\/zjarr.tv\/sq\/meta-ben-homazhe-dhe-nderon-gjeneral-rrahman-parllakun-do-te-jete-gjithmone-mes-nesh\/","title":{"rendered":"Meta b\u00ebn homazhe dhe nderon Gjeneral Rrahman Parllakun: Do t\u00eb jet\u00eb gjithmon\u00eb mes nesh"},"content":{"rendered":"<p>Presidenti i Republik\u00ebs, Ilir Meta b\u00ebri sot homazhe p\u00ebr nder t\u00eb jet\u00ebs dhe veprave heroike t\u00eb Gjeneral Rrahman Parllakut, partizanit fitimtar antifashist, i cili m\u00eb pas u burgos dhe u internua nga regjimi diktatorial.<\/p>\n<div id=\"sovrn\" class=\"desktop_ad ad_bottom_space\"><ins><\/p>\n<div id=\"beacon_3d25913af5\"><\/div>\n<p><\/ins><\/div>\n<p>Duke vendosur nj\u00eb kuror\u00eb me lule dhe duke u p\u00ebrulur me respekt para trupit t\u00eb t\u00eb ndjerit, Presidenti Meta u shprehu ngush\u00ebllimet familjar\u00ebve dhe t\u00eb af\u00ebrmve t\u00eb tij, nd\u00ebrsa foli edhe p\u00ebr mediat, ku shtoi se Parllaku ishte nj\u00eb komandant i lavdish\u00ebm i Luft\u00ebs Antifashiste si dhe nj\u00eb personalitet i ushtris\u00eb shqiptare.<\/p>\n<p>\u201cSot q\u00eb \u00ebsht\u00eb nj\u00eb dit\u00eb historike p\u00ebr mbar\u00eb popullin dhe kombin ton\u00eb, 16 shtatori, dita e Konferenc\u00ebs s\u00eb Pez\u00ebs, dita e bes\u00eblidhjes s\u00eb t\u00eb gjith\u00eb shqiptar\u00ebve pa dallim feje, krahine dhe ideje n\u00eb luft\u00ebn p\u00ebr liri, nuk e mendoja se do t\u00eb ishte edhe dita kur do t\u2019i thonim lamtumir\u00ebn e fundit Gjeneralit Rrahman Parllaku, nj\u00ebrit prej komandant\u00ebve m\u00eb t\u00eb lavdish\u00ebm t\u00eb Luft\u00ebs Antifashiste, t\u00eb luft\u00ebs p\u00ebr liri, por edhe nj\u00ebrit prej personaliteve m\u00eb t\u00eb m\u00ebdha t\u00eb ushtris\u00eb son\u00eb, nj\u00eb personaliteti publik me kontribute t\u00eb jasht\u00ebzakonshme n\u00eb t\u00eb gjitha koh\u00ebt.<\/p>\n<p>Jam i bindur se p\u00ebrkushtimi i tij ndaj liris\u00eb s\u00eb atdheut, ndaj interesave komb\u00ebtare, por edhe ndaj p\u00ebrparimit t\u00eb demokracis\u00eb, do t\u00eb mbeten p\u00ebrgjithmon\u00eb n\u00eb kujtimin ton\u00eb.<\/p>\n<p>N\u00eb p\u00ebrkujtimin e \u00e7do ngjarjeje t\u00eb r\u00ebnd\u00ebsishme t\u00eb luft\u00ebs, n\u00eb \u00e7do sukses t\u00eb Atdheut, Gjeneral Parllaku me frym\u00ebzimin q\u00eb na ka dh\u00ebn\u00eb t\u00eb gjith\u00ebve, padyshim q\u00eb do t\u00eb jet\u00eb gjithmon\u00eb mes nesh, me personalitetin e tij t\u00eb pamposhtur, dhe me kthjellt\u00ebsin\u00eb e mendimit q\u00eb nuk e humbi asnj\u00ebher\u00eb.\u201d-tha Meta.<\/p>\n","protected":false},"excerpt":{"rendered":"<p>Presidenti i Republik\u00ebs, Ilir Meta b\u00ebri sot homazhe p\u00ebr nder t\u00eb jet\u00ebs dhe veprave heroike t\u00eb Gjeneral Rrahman Parllakut, partizanit fitimtar antifashist, i cili m\u00eb pas u burgos dhe u internua nga regjimi diktatorial. Duke vendosur nj\u00eb kuror\u00eb me lule dhe duke u p\u00ebrulur me respekt para trupit t\u00eb t\u00eb ndjerit, Presidenti Meta u shprehu [&hellip;]<\/p>\n","protected":false},"author":2013,"featured_media":107148,"comment_status":"open","ping_status":"closed","sticky":false,"template":"","format":"standard","meta":{"footnotes":""},"categories":[241,235],"tags":[],"class_list":{"0":"post-107147","1":"post","2":"type-post","3":"status-publish","4":"format-standard","5":"has-post-thumbnail","7":"category-aktualitet","8":"category-vendi"},"_links":{"self":[{"href":"https:\/\/zjarr.tv\/sq\/wp-json\/wp\/v2\/posts\/107147","targetHints":{"allow":["GET"]}}],"collection":[{"href":"https:\/\/zjarr.tv\/sq\/wp-json\/wp\/v2\/posts"}],"about":[{"href":"https:\/\/zjarr.tv\/sq\/wp-json\/wp\/v2\/types\/post"}],"author":[{"embeddable":true,"href":"https:\/\/zjarr.tv\/sq\/wp-json\/wp\/v2\/users\/2013"}],"replies":[{"embeddable":true,"href":"https:\/\/zjarr.tv\/sq\/wp-json\/wp\/v2\/comments?post=107147"}],"version-history":[{"count":0,"href":"https:\/\/zjarr.tv\/sq\/wp-json\/wp\/v2\/posts\/107147\/revisions"}],"wp:featuredmedia":[{"embeddable":true,"href":"https:\/\/zjarr.tv\/sq\/wp-json\/wp\/v2\/media\/107148"}],"wp:attachment":[{"href":"https:\/\/zjarr.tv\/sq\/wp-json\/wp\/v2\/media?parent=107147"}],"wp:term":[{"taxonomy":"category","embeddable":true,"href":"https:\/\/zjarr.tv\/sq\/wp-json\/wp\/v2\/categories?post=107147"},{"taxonomy":"post_tag","embeddable":true,"href":"https:\/\/zjarr.tv\/sq\/wp-json\/wp\/v2\/tags?post=107147"}],"curies":[{"name":"wp","href":"https:\/\/api.w.org\/{rel}","templated":true}]}}