{"id":107152,"date":"2019-09-16T16:10:59","date_gmt":"2019-09-16T14:10:59","guid":{"rendered":"https:\/\/zjarr.tv\/?p=107152"},"modified":"2019-09-16T16:10:59","modified_gmt":"2019-09-16T14:10:59","slug":"deshmia-e-forte-une-dhe-artan-habilaj-takuam-tahirin-per-servisin-e-skafit-moisiu-pagoi-shpenzimet","status":"publish","type":"post","link":"https:\/\/zjarr.tv\/sq\/deshmia-e-forte-une-dhe-artan-habilaj-takuam-tahirin-per-servisin-e-skafit-moisiu-pagoi-shpenzimet\/","title":{"rendered":"D\u00ebshmia e fort\u00eb: \u2018Un\u00eb dhe Artan Habilaj takuam Tahirin p\u00ebr servisin e skafit. Moisiu pagoi shpenzimet\u2019"},"content":{"rendered":"<div class=\"readmore-text-here\">\n<p>Naim Brahimaj, shofer dhe komandant skafi i forcave policore \u2018Delta Force\u2019 \u00ebsht\u00eb nj\u00eb prej personave q\u00eb d\u00ebshmon lidhjet e forta t\u00eb Artan e Mosi Habilaj, drejtuesve t\u00eb klanit t\u00eb narko-trafikut \u2018Habilaj\u2019, me ish-ministrin e Brendsh\u00ebm, Saimir Tahiri.<\/p>\n<p>Punonj\u00ebsi i Policis\u00eb Brahimaj ka treguar para prokuror\u00ebve se si, me orientimin e Saimir Tahirit, ka udh\u00ebtuar drejt Greqis\u00eb me Artan Habilajn p\u00ebr t\u00eb rregulluar skafin e p\u00ebrdorur nga ish-ministri i Brendsh\u00ebm n\u00eb udh\u00ebtimet e tij turistike.<\/p>\n<p>Prokuroria p\u00ebr Krime t\u00eb R\u00ebnda k\u00ebmb\u00ebngul n\u00eb provat e saj, n\u00eb baz\u00eb t\u00eb t\u00eb cilave k\u00ebrkon d\u00ebnimin e Saimir Tahirit me 12 vjet burgim p\u00ebr pjes\u00ebmarrje n\u00eb organizat\u00eb kriminale, n\u00eb bashk\u00ebpunim me v\u00ebllez\u00ebrit \u2018Habilaj\u2019.<\/p>\n<p>Nga ana e tij, Tahiri k\u00ebmb\u00ebngul se nuk ka pasur asnj\u00eb kontakt dhe komunikim me \u2018kush\u00ebrinjt\u00eb e 10-t\u00eb\u2019 t\u00eb tij. Por d\u00ebshmia e Naim Brahimajt \u00ebsht\u00eb nj\u00eb prej atyre element\u00ebve, jo i vetmi, q\u00eb rr\u00ebzon pretendimin e Saimir Tahirit.<\/p>\n<p>\u2018Boldnews.al\u2019 ka siguruar d\u00ebshmin\u00eb e plot\u00eb t\u00eb Naim Brahimajt, ku ai tregon se \u2018n\u00eb Gusht 2014, n\u00eb mbr\u00ebmje von\u00eb, u telefonua nga Ministri i Brendsh\u00ebm i asaj kohe, Saimir Tahiri, i cili i tregoi se i ishte prishur motori i skafit, ndodhej larg dhe i k\u00ebrkoi mendim se si duhej t\u00eb vepronte.<\/p>\n<p>D\u00ebshmitari Brahimaj e udh\u00ebzoi Tahirin q\u00eb t\u00eb mundohej ta ankoronte diku. Komunikoi disa her\u00eb me t\u00eb at\u00eb nat\u00eb dhe u njoftua se ishte mund\u00ebsuar ankorimi.<\/p>\n<p>Saimiri i k\u00ebrkoi d\u00ebshmitarit q\u00eb t\u00eb nes\u00ebrmen t\u00eb shkonte n\u00eb Greqi, ku ai ndodhej me pushime, nd\u00ebrsa do ta merrte dikush me makin\u00eb dhe do t\u00eb shoq\u00ebrohej edhe nga nj\u00eb teknik tjet\u00ebr.<\/p>\n<p>T\u00eb nes\u00ebrmen, rreth pasdites, Naim Brahimaj u telefonua nga Artan Habilaj, t\u00eb cilin e njihte m\u00eb par\u00eb. Me t\u00eb, s\u00eb bashku dhe me nj\u00eb shtetas tjet\u00ebr, t\u00eb quajtur Aurel Konak\u00e7iu, udh\u00ebtuan me automjetin \u2018Audi\u2019, i cili i ishte bler\u00eb Saimirit, n\u00eb drejtim t\u00eb Greqis\u00eb, duke kaluar n\u00ebp\u00ebrmjet Pik\u00ebs s\u00eb Kalimit Kufitar \u2018Qaf\u00eb Bot\u00eb\u2019.<\/p>\n<p>Mb\u00ebrrit\u00ebn, kur ishte ende nat\u00eb, n\u00eb vendin e ankorimit t\u00eb skafit, Artani si drejtues mjeti orientohej shum\u00eb mir\u00eb. Duke filluar q\u00eb n\u00eb m\u00ebngjes, Brahimaj dhe Konak\u00e7iu u mor\u00ebn me rregullimin e skafit, me mbishkrimin \u2018Solemar\u2019, me dy motora \u2018Nanni\u2019, me gjat\u00ebsi rreth 12 metra, nd\u00ebrsa Artani (Habilaj) kishte l\u00ebvizur.<\/p>\n<p>M\u00eb von\u00eb, n\u00eb vendin ku gjendej skafi, mb\u00ebrriti edhe Saimir Tahiri. Gjat\u00eb koh\u00ebs s\u00eb q\u00ebndrimit atje, d\u00ebshmitari Naim Brahimaj deklaron se u takua me babain e Saimirit, Bashkimin dhe shtetasen Elona Gjebrea (zv,minister e Brendshme n\u00eb at\u00eb koh\u00eb), e cila ndodhej s\u00eb bashku me bashk\u00ebshortin e saj.<\/p>\n<p>Rregullimi i skafit zgjati disa or\u00eb. Drekuan dhe darkuan s\u00eb bashku me t\u00eb gjith\u00eb personat e tjer\u00eb, nd\u00ebrsa b\u00ebn\u00eb edhe nj\u00eb xhiro me skaf. Brahimaj dhe Konak\u00e7iu fjet\u00ebn n\u00eb skaf, nd\u00ebrsa t\u00eb tjer\u00ebt u larguan p\u00ebr n\u00eb vendin ku kishin q\u00ebndruar. P\u00ebr Artanin nuk m\u00ebsoi se ku fjeti.<\/p>\n<p>T\u00eb nes\u00ebrmen paradite, Naimi, Aureli dhe Artani (Habilaj) u kthyen n\u00eb Shqip\u00ebri me skaf dhe automjetin \u2018Audi\u2019 e lan\u00eb n\u00eb Greqi p\u00ebr ta p\u00ebrdorur familja \u2018Tahiri\u2019.<\/p>\n<p>N\u00eb kthim, mb\u00ebrrit\u00ebn n\u00eb Sarand\u00eb. P\u00ebr t\u00eb kryer procedurat e hyrjes n\u00eb Port u paraqit Aureli, si Kapiten i Skafit. Vulos\u00ebn pasaportat dhe m\u00eb pas udh\u00ebtuan po me skaf n\u00eb drejtim t\u00eb Vlor\u00ebs. Rreth or\u00ebs 23:00 mb\u00ebrrit\u00ebn n\u00eb \u2018Triport\u2019 ku ankoruan skafin.<\/p>\n<p>Pas rreth nj\u00eb muaji, Aurel Konak\u00e7iu mori n\u00eb telefon Naim Brahimaj dhe i k\u00ebrkoi ta shoq\u00ebronte p\u00ebr n\u00eb Itali, ku do t\u00eb d\u00ebrgonin skafin (e p\u00ebrmendur m\u00eb sip\u00ebr) n\u00eb servis.<\/p>\n<p>Shkoi n\u00eb Vlor\u00eb dhe takoi Aurelin dhe Moisi Habilaj, nd\u00ebrsa skafi ndodhej n\u00eb vendin ku e kishin l\u00ebn\u00eb t\u00eb ankoruar.<\/p>\n<p>Moisiu (Habilaj) u k\u00ebrkoi t\u00eb shkruanin edhe emrin e tij, nd\u00ebrsa shkoi n\u00eb Kapiteneri dhe mori lejen e lundrimit. Udh\u00ebtuan t\u00eb tre n\u00eb drejtim t\u00eb Italis\u00eb dhe mb\u00ebrrit\u00ebn n\u00eb Portin e Brindisit, duke qen\u00eb Aureli kapiten dhe ai motorist.<\/p>\n<p>Q\u00ebndruan disa dit\u00eb n\u00eb Brindisi dhe tek skafi shkuan disa persona, t\u00eb cil\u00ebt mor\u00ebn p\u00ebrsip\u00ebr rregullimin e tij. Gjat\u00eb dit\u00ebve t\u00eb q\u00ebndrimit atje, shpenzimet u paguan nga Moisiu. U kthye, s\u00eb bashku me Aurelin me traget n\u00eb Durr\u00ebs, nd\u00ebrsa Moisiu ishte larguar nj\u00eb dit\u00eb m\u00eb par\u00eb.<\/p>\n<p>Disa dit\u00eb pas kthimit, Aureli e mori n\u00eb telefon dhe e njoftoi se duhej t\u00eb shkonin n\u00eb Itali p\u00ebr t\u00eb marr\u00eb skafin, i cili nuk ishte rregulluar. Shkuan me traget nga Durr\u00ebsi n\u00eb Bari dhe m\u00eb pas n\u00eb Brindisi me tren. T\u00eb nes\u00ebrmen mor\u00ebn skafin dhe u kthyen n\u00eb Durr\u00ebs. E nxor\u00ebn skafin n\u00eb tok\u00eb dhe e lan\u00eb at\u00eb pasi ishte i prishur. \/Boldnews.al<\/p>\n<\/div>\n<div id=\"rekl-33\"><\/div>\n","protected":false},"excerpt":{"rendered":"<p>Naim Brahimaj, shofer dhe komandant skafi i forcave policore \u2018Delta Force\u2019 \u00ebsht\u00eb nj\u00eb prej personave q\u00eb d\u00ebshmon lidhjet e forta t\u00eb Artan e Mosi Habilaj, drejtuesve t\u00eb klanit t\u00eb narko-trafikut \u2018Habilaj\u2019, me ish-ministrin e Brendsh\u00ebm, Saimir Tahiri. Punonj\u00ebsi i Policis\u00eb Brahimaj ka treguar para prokuror\u00ebve se si, me orientimin e Saimir Tahirit, ka udh\u00ebtuar drejt [&hellip;]<\/p>\n","protected":false},"author":2013,"featured_media":107196,"comment_status":"open","ping_status":"closed","sticky":false,"template":"","format":"standard","meta":{"footnotes":""},"categories":[241,235],"tags":[],"class_list":{"0":"post-107152","1":"post","2":"type-post","3":"status-publish","4":"format-standard","5":"has-post-thumbnail","7":"category-aktualitet","8":"category-vendi"},"_links":{"self":[{"href":"https:\/\/zjarr.tv\/sq\/wp-json\/wp\/v2\/posts\/107152","targetHints":{"allow":["GET"]}}],"collection":[{"href":"https:\/\/zjarr.tv\/sq\/wp-json\/wp\/v2\/posts"}],"about":[{"href":"https:\/\/zjarr.tv\/sq\/wp-json\/wp\/v2\/types\/post"}],"author":[{"embeddable":true,"href":"https:\/\/zjarr.tv\/sq\/wp-json\/wp\/v2\/users\/2013"}],"replies":[{"embeddable":true,"href":"https:\/\/zjarr.tv\/sq\/wp-json\/wp\/v2\/comments?post=107152"}],"version-history":[{"count":0,"href":"https:\/\/zjarr.tv\/sq\/wp-json\/wp\/v2\/posts\/107152\/revisions"}],"wp:featuredmedia":[{"embeddable":true,"href":"https:\/\/zjarr.tv\/sq\/wp-json\/wp\/v2\/media\/107196"}],"wp:attachment":[{"href":"https:\/\/zjarr.tv\/sq\/wp-json\/wp\/v2\/media?parent=107152"}],"wp:term":[{"taxonomy":"category","embeddable":true,"href":"https:\/\/zjarr.tv\/sq\/wp-json\/wp\/v2\/categories?post=107152"},{"taxonomy":"post_tag","embeddable":true,"href":"https:\/\/zjarr.tv\/sq\/wp-json\/wp\/v2\/tags?post=107152"}],"curies":[{"name":"wp","href":"https:\/\/api.w.org\/{rel}","templated":true}]}}