{"id":107308,"date":"2019-09-17T12:53:45","date_gmt":"2019-09-17T10:53:45","guid":{"rendered":"https:\/\/zjarr.tv\/?p=107308"},"modified":"2019-09-17T12:53:45","modified_gmt":"2019-09-17T10:53:45","slug":"vogelushi-shqiptar-pushton-ekranin-gjigant-te-times-square","status":"publish","type":"post","link":"https:\/\/zjarr.tv\/sq\/vogelushi-shqiptar-pushton-ekranin-gjigant-te-times-square\/","title":{"rendered":"Vog\u00eblushi shqiptar pushton ekranin gjigant t\u00eb &#8216;Times Square&#8217;"},"content":{"rendered":"<p>Disa fotografi t\u00eb Benit, djaloshit t\u00eb vog\u00ebl nga Kosova, jan\u00eb paraqitur dje n\u00eb ekranin gjigant t\u00eb \u201cTimes Square\u201d n\u00eb New York. N\u00eb nj\u00ebr\u00ebn nga fotografit\u00eb, Beni q\u00eb \u00ebsht\u00eb me Sindrom\u00ebn Down, \u00ebsht\u00eb bashk\u00eb me Fjolla Rracin q\u00eb n\u00eb m\u00ebnyr\u00eb vullnetare ndihmon f\u00ebmij\u00ebt dhe t\u00eb rriturit me Sindrom\u00ebn Down dhe ata me autiz\u00ebm.<\/p>\n<p>N\u00ebna e Benit, Gresa, ka qen\u00eb bashk\u00eb me t\u00eb birin p\u00ebr ta p\u00ebrjetuar k\u00ebt\u00eb moment shum\u00eb emocional, kur fotografit\u00eb e Benit e kan\u00eb \u2018pushtuar\u2019 sheshin Times Square n\u00eb New York.<\/p>\n<p>Fotografia e pes\u00ebvje\u00e7arit Beni Godeni u p\u00ebrzgjodh n\u00eb mesin e 100 m\u00eb t\u00eb mirave n\u00eb konkursin e p\u00ebrvjetsh\u00ebm t\u00eb Shoqat\u00ebs Nd\u00ebrkomb\u00ebtare t\u00eb Sindrom\u00ebs Down, shkruajn\u00eb mediat kosovare.<\/p>\n","protected":false},"excerpt":{"rendered":"<p>Disa fotografi t\u00eb Benit, djaloshit t\u00eb vog\u00ebl nga Kosova, jan\u00eb paraqitur dje n\u00eb ekranin gjigant t\u00eb \u201cTimes Square\u201d n\u00eb New York. N\u00eb nj\u00ebr\u00ebn nga fotografit\u00eb, Beni q\u00eb \u00ebsht\u00eb me Sindrom\u00ebn Down, \u00ebsht\u00eb bashk\u00eb me Fjolla Rracin q\u00eb n\u00eb m\u00ebnyr\u00eb vullnetare ndihmon f\u00ebmij\u00ebt dhe t\u00eb rriturit me Sindrom\u00ebn Down dhe ata me autiz\u00ebm. N\u00ebna e Benit, [&hellip;]<\/p>\n","protected":false},"author":2013,"featured_media":107309,"comment_status":"open","ping_status":"closed","sticky":false,"template":"","format":"standard","meta":{"footnotes":""},"categories":[241,235],"tags":[],"class_list":{"0":"post-107308","1":"post","2":"type-post","3":"status-publish","4":"format-standard","5":"has-post-thumbnail","7":"category-aktualitet","8":"category-vendi"},"_links":{"self":[{"href":"https:\/\/zjarr.tv\/sq\/wp-json\/wp\/v2\/posts\/107308","targetHints":{"allow":["GET"]}}],"collection":[{"href":"https:\/\/zjarr.tv\/sq\/wp-json\/wp\/v2\/posts"}],"about":[{"href":"https:\/\/zjarr.tv\/sq\/wp-json\/wp\/v2\/types\/post"}],"author":[{"embeddable":true,"href":"https:\/\/zjarr.tv\/sq\/wp-json\/wp\/v2\/users\/2013"}],"replies":[{"embeddable":true,"href":"https:\/\/zjarr.tv\/sq\/wp-json\/wp\/v2\/comments?post=107308"}],"version-history":[{"count":0,"href":"https:\/\/zjarr.tv\/sq\/wp-json\/wp\/v2\/posts\/107308\/revisions"}],"wp:featuredmedia":[{"embeddable":true,"href":"https:\/\/zjarr.tv\/sq\/wp-json\/wp\/v2\/media\/107309"}],"wp:attachment":[{"href":"https:\/\/zjarr.tv\/sq\/wp-json\/wp\/v2\/media?parent=107308"}],"wp:term":[{"taxonomy":"category","embeddable":true,"href":"https:\/\/zjarr.tv\/sq\/wp-json\/wp\/v2\/categories?post=107308"},{"taxonomy":"post_tag","embeddable":true,"href":"https:\/\/zjarr.tv\/sq\/wp-json\/wp\/v2\/tags?post=107308"}],"curies":[{"name":"wp","href":"https:\/\/api.w.org\/{rel}","templated":true}]}}