{"id":107323,"date":"2019-09-17T13:00:18","date_gmt":"2019-09-17T11:00:18","guid":{"rendered":"https:\/\/zjarr.tv\/?p=107323"},"modified":"2019-09-17T13:00:18","modified_gmt":"2019-09-17T11:00:18","slug":"partia-e-macron-kritike-ndaj-shqiptareve-kerkesat-per-azil-jo-te-ligjshme","status":"publish","type":"post","link":"https:\/\/zjarr.tv\/sq\/partia-e-macron-kritike-ndaj-shqiptareve-kerkesat-per-azil-jo-te-ligjshme\/","title":{"rendered":"Partia e Macron kritike ndaj shqiptar\u00ebve: K\u00ebrkesat p\u00ebr azil, jo t\u00eb ligjshme"},"content":{"rendered":"<p><em>Partia e presidentit francez, Emanuel Makron, mbetet kritike ndaj Shqip\u00ebris\u00eb p\u00ebr numrin e lart\u00eb t\u00eb k\u00ebrkesave p\u00ebr azil n\u00eb vend. Sipas z\u00ebdh\u00ebn\u00ebses Aurore Berg\u00e9, meqen\u00ebse vendi konsiderohet i sigurt nga pik\u00ebpamja demokratike dhe politike, aplikimet jan\u00eb t\u00eb paligjshme.<\/em><\/p>\n<p>Franca vijon ta komentoj\u00eb me shqet\u00ebsim situat\u00ebn e azilk\u00ebrkuesve dhe emigracionin e parregullt nga Shqip\u00ebria.<\/p>\n<p>Shifrat e Eurostat tregojn\u00eb se k\u00ebrkesat p\u00ebr azil t\u00eb shtetasve shqiptar\u00eb n\u00eb Franc\u00eb arrit\u00ebn n\u00eb 5,305 n\u00eb gjasht\u00ebmujorin e par\u00eb t\u00eb vitit 2019, duke kryesuar listat komb\u00ebtare.<\/p>\n<p>Pak jav\u00eb nga vendimi i r\u00ebnd\u00ebsish\u00ebm p\u00ebr hapjen e negociatave me BE-n\u00eb, Aurore Berg\u00e9, z\u00ebdh\u00ebn\u00ebsja e partis\u00eb s\u00eb presidentit Emanuel Makron, e cil\u00ebson k\u00ebt\u00eb trend jokarakteristik dhe t\u00eb paligjsh\u00ebm.<\/p>\n<p><em>&#8220;N\u00ebse duam q\u00eb e drejta p\u00ebr azil t\u00eb vazhdoj\u00eb t\u00eb ket\u00eb kuptim, nuk mund t\u00eb lejojm\u00eb q\u00eb ajo t\u00eb devijohet, dhe q\u00eb Franca t\u00eb kthehet n\u00eb nj\u00eb vend t\u00eb par\u00eb p\u00ebr azilk\u00ebrkues nga Shqip\u00ebria apo Gjeorgjia, p\u00ebr shembull, pasi \u00ebsht\u00eb e qart\u00eb se k\u00ebto nuk jan\u00eb k\u00ebrkesa karakteristike dhe legjitime p\u00ebr azil.&#8221;\u00a0<\/em><\/p>\n<p>Deputetja Aurore Berg\u00e9 informoi se tema p\u00ebr emigracionin do t\u00eb debatohet n\u00eb parlamentin francez n\u00eb datat 30 shtator dhe 2 tetor.<\/p>\n<p>Deklarata e saj pasoi at\u00eb t\u00eb kryeshtetarit Makron nj\u00eb dit\u00eb m\u00eb par\u00eb, kur para deputet\u00ebve t\u00eb mazhoranc\u00ebs, aleat\u00ebve dhe senator\u00ebve tha se \u00e7\u00ebshtja e emigracionit duhet trajtuar me guxim dhe duhet par\u00eb interesi i p\u00ebrgjithsh\u00ebm.<\/p>\n<p>Shqip\u00ebria konsiderohet ligj\u00ebrisht nj\u00eb vend i sigurt nga shtetet europiane, ndaj shum\u00eb k\u00ebrkesa p\u00ebr azil apo emigracion t\u00eb parregullt refuzohen vazhdimisht.<\/p>\n<p>Nga ana tjet\u00ebr, edhe Holanda, nj\u00eb tjet\u00ebr vend skeptik p\u00ebr hapjen e negociatave mes Shqip\u00ebris\u00eb dhe BE-s\u00eb n\u00eb muajin tetor, jav\u00ebn e kaluar ngriti nj\u00eb shqet\u00ebsim t\u00eb ngjash\u00ebm te Komisioni Europian.<\/p>\n<p>Dy eurodeputet\u00ebt Malik Azmani dhe Karolin Nagtegal apeluan qeverin\u00eb shqiptare t\u00eb b\u00ebj\u00eb m\u00eb shum\u00eb me fushatat sensibilizuese n\u00eb televizione apo shtypin e shkruar kund\u00ebr emigracionit t\u00eb paligjsh\u00ebm.<\/p>\n","protected":false},"excerpt":{"rendered":"<p>Partia e presidentit francez, Emanuel Makron, mbetet kritike ndaj Shqip\u00ebris\u00eb p\u00ebr numrin e lart\u00eb t\u00eb k\u00ebrkesave p\u00ebr azil n\u00eb vend. Sipas z\u00ebdh\u00ebn\u00ebses Aurore Berg\u00e9, meqen\u00ebse vendi konsiderohet i sigurt nga pik\u00ebpamja demokratike dhe politike, aplikimet jan\u00eb t\u00eb paligjshme. Franca vijon ta komentoj\u00eb me shqet\u00ebsim situat\u00ebn e azilk\u00ebrkuesve dhe emigracionin e parregullt nga Shqip\u00ebria. Shifrat e [&hellip;]<\/p>\n","protected":false},"author":2013,"featured_media":69441,"comment_status":"open","ping_status":"closed","sticky":false,"template":"","format":"standard","meta":{"footnotes":""},"categories":[241,235],"tags":[],"class_list":{"0":"post-107323","1":"post","2":"type-post","3":"status-publish","4":"format-standard","5":"has-post-thumbnail","7":"category-aktualitet","8":"category-vendi"},"_links":{"self":[{"href":"https:\/\/zjarr.tv\/sq\/wp-json\/wp\/v2\/posts\/107323","targetHints":{"allow":["GET"]}}],"collection":[{"href":"https:\/\/zjarr.tv\/sq\/wp-json\/wp\/v2\/posts"}],"about":[{"href":"https:\/\/zjarr.tv\/sq\/wp-json\/wp\/v2\/types\/post"}],"author":[{"embeddable":true,"href":"https:\/\/zjarr.tv\/sq\/wp-json\/wp\/v2\/users\/2013"}],"replies":[{"embeddable":true,"href":"https:\/\/zjarr.tv\/sq\/wp-json\/wp\/v2\/comments?post=107323"}],"version-history":[{"count":0,"href":"https:\/\/zjarr.tv\/sq\/wp-json\/wp\/v2\/posts\/107323\/revisions"}],"wp:featuredmedia":[{"embeddable":true,"href":"https:\/\/zjarr.tv\/sq\/wp-json\/wp\/v2\/media\/69441"}],"wp:attachment":[{"href":"https:\/\/zjarr.tv\/sq\/wp-json\/wp\/v2\/media?parent=107323"}],"wp:term":[{"taxonomy":"category","embeddable":true,"href":"https:\/\/zjarr.tv\/sq\/wp-json\/wp\/v2\/categories?post=107323"},{"taxonomy":"post_tag","embeddable":true,"href":"https:\/\/zjarr.tv\/sq\/wp-json\/wp\/v2\/tags?post=107323"}],"curies":[{"name":"wp","href":"https:\/\/api.w.org\/{rel}","templated":true}]}}