{"id":107335,"date":"2019-09-17T13:07:23","date_gmt":"2019-09-17T11:07:23","guid":{"rendered":"https:\/\/zjarr.tv\/?p=107335"},"modified":"2019-09-17T13:07:23","modified_gmt":"2019-09-17T11:07:23","slug":"lulzim-basha-ne-shkoder-takim-me-kryebashkiaken","status":"publish","type":"post","link":"https:\/\/zjarr.tv\/sq\/lulzim-basha-ne-shkoder-takim-me-kryebashkiaken\/","title":{"rendered":"Lulzim Basha n\u00eb Shkod\u00ebr, takim me kryebashkiaken"},"content":{"rendered":"<p>Kryetari i Partis\u00eb Demokratike Lulzim Basha ka shkuar sot n\u00eb Shkod\u00ebr dhe \u00ebsht\u00eb takuar me drejtues t\u00eb PD-s\u00eb dhe me qytetar\u00eb. M\u00eb pas, ai ka zhvilluar nj\u00eb takim me kryetaren e bashkis\u00eb Voltana Ademin, nj\u00eb takim me dyer t\u00eb mbyllura.<\/p>\n<p>Voltana Ademi \u00ebsht\u00eb e vetmja kryebashkiake e zgjedhur nga radh\u00ebt e opozit\u00ebs q\u00eb nuk e ka l\u00ebshuar zyr\u00ebn e saj, as pas votimit t\u00eb 30 Qershorit. PD-ja denoncoi dhe v\u00ebrtetoi me dokumente se kandidati q\u00eb kishte zgjedhur kryeministri Edi Rama p\u00ebr t\u00eb drejtuar k\u00ebt\u00eb bashki, Valdrin Pjetri, kishte mashtruar n\u00eb formularin e dekriminalizimit p\u00ebr t\u00eb kaluar\u00ebn e tij me precedent\u00eb penal\u00eb.<\/p>\n","protected":false},"excerpt":{"rendered":"<p>Kryetari i Partis\u00eb Demokratike Lulzim Basha ka shkuar sot n\u00eb Shkod\u00ebr dhe \u00ebsht\u00eb takuar me drejtues t\u00eb PD-s\u00eb dhe me qytetar\u00eb. M\u00eb pas, ai ka zhvilluar nj\u00eb takim me kryetaren e bashkis\u00eb Voltana Ademin, nj\u00eb takim me dyer t\u00eb mbyllura. Voltana Ademi \u00ebsht\u00eb e vetmja kryebashkiake e zgjedhur nga radh\u00ebt e opozit\u00ebs q\u00eb nuk e [&hellip;]<\/p>\n","protected":false},"author":2013,"featured_media":107336,"comment_status":"open","ping_status":"closed","sticky":false,"template":"","format":"standard","meta":{"footnotes":""},"categories":[241,235],"tags":[],"class_list":{"0":"post-107335","1":"post","2":"type-post","3":"status-publish","4":"format-standard","5":"has-post-thumbnail","7":"category-aktualitet","8":"category-vendi"},"_links":{"self":[{"href":"https:\/\/zjarr.tv\/sq\/wp-json\/wp\/v2\/posts\/107335","targetHints":{"allow":["GET"]}}],"collection":[{"href":"https:\/\/zjarr.tv\/sq\/wp-json\/wp\/v2\/posts"}],"about":[{"href":"https:\/\/zjarr.tv\/sq\/wp-json\/wp\/v2\/types\/post"}],"author":[{"embeddable":true,"href":"https:\/\/zjarr.tv\/sq\/wp-json\/wp\/v2\/users\/2013"}],"replies":[{"embeddable":true,"href":"https:\/\/zjarr.tv\/sq\/wp-json\/wp\/v2\/comments?post=107335"}],"version-history":[{"count":0,"href":"https:\/\/zjarr.tv\/sq\/wp-json\/wp\/v2\/posts\/107335\/revisions"}],"wp:featuredmedia":[{"embeddable":true,"href":"https:\/\/zjarr.tv\/sq\/wp-json\/wp\/v2\/media\/107336"}],"wp:attachment":[{"href":"https:\/\/zjarr.tv\/sq\/wp-json\/wp\/v2\/media?parent=107335"}],"wp:term":[{"taxonomy":"category","embeddable":true,"href":"https:\/\/zjarr.tv\/sq\/wp-json\/wp\/v2\/categories?post=107335"},{"taxonomy":"post_tag","embeddable":true,"href":"https:\/\/zjarr.tv\/sq\/wp-json\/wp\/v2\/tags?post=107335"}],"curies":[{"name":"wp","href":"https:\/\/api.w.org\/{rel}","templated":true}]}}