{"id":107338,"date":"2019-09-17T13:11:44","date_gmt":"2019-09-17T11:11:44","guid":{"rendered":"https:\/\/zjarr.tv\/?p=107338"},"modified":"2019-09-17T13:11:44","modified_gmt":"2019-09-17T11:11:44","slug":"gent-ibrahimi-tetori-e-gjen-shqiperine-me-spak-dhe-prokuror-te-pergjithshem","status":"publish","type":"post","link":"https:\/\/zjarr.tv\/sq\/gent-ibrahimi-tetori-e-gjen-shqiperine-me-spak-dhe-prokuror-te-pergjithshem\/","title":{"rendered":"Gent Ibrahimi: Tetori e gjen Shqip\u00ebrin\u00eb me SPAK dhe Prokuror t\u00eb P\u00ebrgjithsh\u00ebm"},"content":{"rendered":"<p>Kryetari i KLP, Gent Ibrabimi beson se muaji tetori do ta gjej\u00eb Shqip\u00ebrin\u00eb me institucionin e SPAK dhe me Prokurorin e P\u00ebrgjithsh\u00ebm. Deklarata u b\u00eb n\u00eb takimin q\u00eb kreu i KLP \u00a0pati me Christian Lange, Sekretar i Shtetit n\u00eb Ministrin\u00eb Federale t\u00eb Drejt\u00ebsis\u00eb.<\/p>\n<p>N\u00eb takim me Gent Ibrahimit dhe deputetit Christian Lange ishte i pranish\u00ebm dhe ambasadori gjerman Peter Zingraf<\/p>\n<p>Takimi u fokusua n\u00eb zbatimin e reform\u00ebs n\u00eb drejt\u00ebsi dhe ngritjen e institucioneve te reja, SPAK dhe BKH.<\/p>\n<p><em>&#8220;P\u00ebr 9 muaj, KLP ka menaxhuar mjaft procese sfiduese si ngritja e SPAK dhe zgjedhja e Prokurorit t\u00eb P\u00ebrgjithsh\u00ebm. N\u00eb jav\u00ebt n\u00eb vijim, KLP merr vendim p\u00ebr sa i p\u00ebrket numrin e prokuror\u00ebve me t\u00eb cil\u00ebt mund t\u00eb ngrihet SPAK. Besoj se tetori do t\u00eb gjej vendin me SPAK dhe Prokuror t\u00eb P\u00ebrgjithsh\u00ebm&#8221;,<\/em>\u00a0tha Ibrahimi.<\/p>\n<p>Nga ana e tij deputeti Christian Lange tha se lufta kund\u00ebr korrupsionit \u00ebsht\u00eb kushti dhe prioriteti kryesor p\u00ebr an\u00ebtar\u00ebsimin e Shqip\u00ebris\u00eb n\u00eb BE.<\/p>\n","protected":false},"excerpt":{"rendered":"<p>Kryetari i KLP, Gent Ibrabimi beson se muaji tetori do ta gjej\u00eb Shqip\u00ebrin\u00eb me institucionin e SPAK dhe me Prokurorin e P\u00ebrgjithsh\u00ebm. Deklarata u b\u00eb n\u00eb takimin q\u00eb kreu i KLP \u00a0pati me Christian Lange, Sekretar i Shtetit n\u00eb Ministrin\u00eb Federale t\u00eb Drejt\u00ebsis\u00eb. N\u00eb takim me Gent Ibrahimit dhe deputetit Christian Lange ishte i pranish\u00ebm [&hellip;]<\/p>\n","protected":false},"author":2013,"featured_media":107341,"comment_status":"open","ping_status":"closed","sticky":false,"template":"","format":"standard","meta":{"footnotes":""},"categories":[241,235],"tags":[],"class_list":{"0":"post-107338","1":"post","2":"type-post","3":"status-publish","4":"format-standard","5":"has-post-thumbnail","7":"category-aktualitet","8":"category-vendi"},"_links":{"self":[{"href":"https:\/\/zjarr.tv\/sq\/wp-json\/wp\/v2\/posts\/107338","targetHints":{"allow":["GET"]}}],"collection":[{"href":"https:\/\/zjarr.tv\/sq\/wp-json\/wp\/v2\/posts"}],"about":[{"href":"https:\/\/zjarr.tv\/sq\/wp-json\/wp\/v2\/types\/post"}],"author":[{"embeddable":true,"href":"https:\/\/zjarr.tv\/sq\/wp-json\/wp\/v2\/users\/2013"}],"replies":[{"embeddable":true,"href":"https:\/\/zjarr.tv\/sq\/wp-json\/wp\/v2\/comments?post=107338"}],"version-history":[{"count":0,"href":"https:\/\/zjarr.tv\/sq\/wp-json\/wp\/v2\/posts\/107338\/revisions"}],"wp:featuredmedia":[{"embeddable":true,"href":"https:\/\/zjarr.tv\/sq\/wp-json\/wp\/v2\/media\/107341"}],"wp:attachment":[{"href":"https:\/\/zjarr.tv\/sq\/wp-json\/wp\/v2\/media?parent=107338"}],"wp:term":[{"taxonomy":"category","embeddable":true,"href":"https:\/\/zjarr.tv\/sq\/wp-json\/wp\/v2\/categories?post=107338"},{"taxonomy":"post_tag","embeddable":true,"href":"https:\/\/zjarr.tv\/sq\/wp-json\/wp\/v2\/tags?post=107338"}],"curies":[{"name":"wp","href":"https:\/\/api.w.org\/{rel}","templated":true}]}}