{"id":107343,"date":"2019-09-17T13:47:47","date_gmt":"2019-09-17T11:47:47","guid":{"rendered":"https:\/\/zjarr.tv\/?p=107343"},"modified":"2019-09-17T13:47:47","modified_gmt":"2019-09-17T11:47:47","slug":"aleati-i-bashes-gati-per-nje-marreveshje-me-kushte-po-pergatisim-nje-platforme-per-te-hyre-ne-bisedime","status":"publish","type":"post","link":"https:\/\/zjarr.tv\/sq\/aleati-i-bashes-gati-per-nje-marreveshje-me-kushte-po-pergatisim-nje-platforme-per-te-hyre-ne-bisedime\/","title":{"rendered":"Aleati i Bash\u00ebs: Gati p\u00ebr nj\u00eb marr\u00ebveshje me kushte. Po p\u00ebrgatisim nj\u00eb platform\u00eb p\u00ebr t\u00eb hyr\u00eb n\u00eb bisedime"},"content":{"rendered":"<p>Nj\u00eb q\u00ebndrim i ri i opozitar\u00ebve. Aleat\u00ebt e PD-s\u00eb, PR dhe LZHK jan\u00eb gati p\u00ebr nj\u00eb marr\u00ebveshje dhe madje po p\u00ebrgatisin nj\u00eb platform\u00eb p\u00ebr bisedime. Pa sakt\u00ebsuar se me k\u00eb do t\u00eb b\u00ebhet kjo marr\u00ebveshje, aleati i Bash\u00ebs, Dashamir Shehu \u00ebsht\u00eb shprehur nga Ishmi se jan\u00eb gati p\u00ebr nj\u00eb marr\u00ebveshje me kushte.<\/p>\n<div id=\"sovrn\" class=\"desktop_ad ad_bottom_space\"><ins><\/p>\n<div id=\"beacon_c11bb94be9\"><\/div>\n<p><\/ins><\/div>\n<p>\u201cJemi gati p\u00ebr nj\u00eb marr\u00ebveshje me kushte. Po p\u00ebrgatisim nj\u00eb platform\u00eb p\u00ebr t\u00eb hyr\u00eb n\u00eb bisedime\u201d, deklaroi Shehi, i cili ka treguar disa nga pikat e platform\u00ebs s\u00eb opozit\u00ebs.<\/p>\n<p>\u201cDuhen ndryshime kushtetuese, p\u00ebr t\u00eb evituar krizat. Duhen rregulluar deformimet n\u00eb sistemin e drejt\u00ebsis\u00eb. Duhet t\u00eb b\u00ebhen ndryshime n\u00eb kodin zgjedhor\u201d, ka theksuar Shehi.<\/p>\n<p>Nga ana tjet\u00ebr ai \u00ebsht\u00eb shprehur se q\u00ebllimi i platform\u00ebs \u00ebsht\u00eb nj\u00eb qeveri tranzitore dhe zgjedhje t\u00eb lira.<\/p>\n","protected":false},"excerpt":{"rendered":"<p>Nj\u00eb q\u00ebndrim i ri i opozitar\u00ebve. Aleat\u00ebt e PD-s\u00eb, PR dhe LZHK jan\u00eb gati p\u00ebr nj\u00eb marr\u00ebveshje dhe madje po p\u00ebrgatisin nj\u00eb platform\u00eb p\u00ebr bisedime. Pa sakt\u00ebsuar se me k\u00eb do t\u00eb b\u00ebhet kjo marr\u00ebveshje, aleati i Bash\u00ebs, Dashamir Shehu \u00ebsht\u00eb shprehur nga Ishmi se jan\u00eb gati p\u00ebr nj\u00eb marr\u00ebveshje me kushte. \u201cJemi gati p\u00ebr [&hellip;]<\/p>\n","protected":false},"author":2013,"featured_media":107351,"comment_status":"open","ping_status":"closed","sticky":false,"template":"","format":"standard","meta":{"footnotes":""},"categories":[241,235],"tags":[],"class_list":{"0":"post-107343","1":"post","2":"type-post","3":"status-publish","4":"format-standard","5":"has-post-thumbnail","7":"category-aktualitet","8":"category-vendi"},"_links":{"self":[{"href":"https:\/\/zjarr.tv\/sq\/wp-json\/wp\/v2\/posts\/107343","targetHints":{"allow":["GET"]}}],"collection":[{"href":"https:\/\/zjarr.tv\/sq\/wp-json\/wp\/v2\/posts"}],"about":[{"href":"https:\/\/zjarr.tv\/sq\/wp-json\/wp\/v2\/types\/post"}],"author":[{"embeddable":true,"href":"https:\/\/zjarr.tv\/sq\/wp-json\/wp\/v2\/users\/2013"}],"replies":[{"embeddable":true,"href":"https:\/\/zjarr.tv\/sq\/wp-json\/wp\/v2\/comments?post=107343"}],"version-history":[{"count":0,"href":"https:\/\/zjarr.tv\/sq\/wp-json\/wp\/v2\/posts\/107343\/revisions"}],"wp:featuredmedia":[{"embeddable":true,"href":"https:\/\/zjarr.tv\/sq\/wp-json\/wp\/v2\/media\/107351"}],"wp:attachment":[{"href":"https:\/\/zjarr.tv\/sq\/wp-json\/wp\/v2\/media?parent=107343"}],"wp:term":[{"taxonomy":"category","embeddable":true,"href":"https:\/\/zjarr.tv\/sq\/wp-json\/wp\/v2\/categories?post=107343"},{"taxonomy":"post_tag","embeddable":true,"href":"https:\/\/zjarr.tv\/sq\/wp-json\/wp\/v2\/tags?post=107343"}],"curies":[{"name":"wp","href":"https:\/\/api.w.org\/{rel}","templated":true}]}}