{"id":107344,"date":"2019-09-17T13:13:29","date_gmt":"2019-09-17T11:13:29","guid":{"rendered":"https:\/\/zjarr.tv\/?p=107344"},"modified":"2019-09-17T13:13:29","modified_gmt":"2019-09-17T11:13:29","slug":"basha-do-ta-vazhdojme-betejen-deri-ne-fund-shkodra-bastion-i-shpreses","status":"publish","type":"post","link":"https:\/\/zjarr.tv\/sq\/basha-do-ta-vazhdojme-betejen-deri-ne-fund-shkodra-bastion-i-shpreses\/","title":{"rendered":"Basha: Do ta vazhdojm\u00eb betej\u00ebn deri n\u00eb fund! Shkodra, bastion i shpres\u00ebs!"},"content":{"rendered":"<div class=\"readmore-text-here\">\n<p>Kryetari i opozit\u00ebs Lulzim Basha ka theksuar sot nga Shkodra se opozita do ta vazhdoj\u00eb betej\u00ebn deri n\u00eb fund Pas takimit q\u00eb Basha zhvilloi me kryebashkiaken e paepur t\u00eb demokrat\u00ebve, Voltana Ademin dhe me qytetar\u00eb, Basha tha:<\/p>\n<p>\u201cJan\u00eb me dhjetra kandidat\u00eb me rekorde kriminale, nuk qe vet\u00ebm rasti i Shkodr\u00ebs. Si\u00e7 e shihni dhe d\u00ebgjoni, as Edi Rama dhe as organizata e tij e strukturuar kriminale nuk kan\u00eb asnj\u00eb zgjidhje p\u00ebr Shkodr\u00ebn dhe as Shqip\u00ebrin\u00eb, \u00a0as p\u00ebr stabilitetin, sigurin\u00eb, fatin e integrimit t\u00eb vendit. Ndaj ne si opozit\u00eb kemi p\u00ebrgjegj\u00ebsin\u00eb p\u00ebr t\u2019i dh\u00ebn\u00eb shqiptar\u00ebve zgjedhjen q\u00eb meritojn\u00eb dhe nxjerr\u00eb vendin nga kjo kriz\u00eb.<\/p>\n<div id=\"rekl-28\"><\/div>\n<p>Kriza \u00ebsht\u00eb prodhuar nga bashk\u00ebpunimi\u00a0 politik\u00ebs me kriz\u00ebn dhe kjo arrihet vet\u00ebm me ndarjen e tyre. Por kjo nuk arrihet pa zgjedhje, pa nj\u00eb transformim t\u00eb thell\u00eb politik. Ndaj ne kemi nd\u00ebrmarr\u00eb hapat q\u00eb kemi nd\u00ebrmarr\u00eb dhe do ta vazhdojm\u00eb betej\u00ebn deri n\u00eb fund.<\/p>\n<div id=\"rekl-13\">\n<div id=\"__sap-ad-15\" class=\"__sap-ads __sap-html tracked\" data-title=\"Credins desktop 08\"><ins><\/p>\n<div id=\"beacon_2c006091fa\"><\/div>\n<p><\/ins><\/div>\n<\/div>\n<p>Triumfi i s\u00eb mir\u00ebs mbi t\u00eb keqen nuk do t\u00eb vonoj\u00eb.<\/p>\n<p>Nuk ka zgjidhje nga jasht\u00eb, zgjidhja do t\u00eb vij\u00eb nga brenda, duke u bashkuar, duke marr\u00eb fatin ton\u00eb n\u00eb duart tona.<\/p>\n<p>Prioriteti yn\u00eb \u00ebsht\u00eb t\u2019i japim fund kriz\u00ebs politike. Shkodra \u00ebsht\u00eb bastion i shpres\u00ebs dhe qendron sot pavar\u00ebsish atij rrethimi barbar nga klika kriminale.&#8221;<\/p>\n<p>&nbsp;<\/p>\n<\/div>\n<div id=\"rekl-33\"><\/div>\n","protected":false},"excerpt":{"rendered":"<p>Kryetari i opozit\u00ebs Lulzim Basha ka theksuar sot nga Shkodra se opozita do ta vazhdoj\u00eb betej\u00ebn deri n\u00eb fund Pas takimit q\u00eb Basha zhvilloi me kryebashkiaken e paepur t\u00eb demokrat\u00ebve, Voltana Ademin dhe me qytetar\u00eb, Basha tha: \u201cJan\u00eb me dhjetra kandidat\u00eb me rekorde kriminale, nuk qe vet\u00ebm rasti i Shkodr\u00ebs. Si\u00e7 e shihni dhe d\u00ebgjoni, [&hellip;]<\/p>\n","protected":false},"author":2013,"featured_media":100356,"comment_status":"open","ping_status":"closed","sticky":false,"template":"","format":"standard","meta":{"footnotes":""},"categories":[241,235],"tags":[],"class_list":{"0":"post-107344","1":"post","2":"type-post","3":"status-publish","4":"format-standard","5":"has-post-thumbnail","7":"category-aktualitet","8":"category-vendi"},"_links":{"self":[{"href":"https:\/\/zjarr.tv\/sq\/wp-json\/wp\/v2\/posts\/107344","targetHints":{"allow":["GET"]}}],"collection":[{"href":"https:\/\/zjarr.tv\/sq\/wp-json\/wp\/v2\/posts"}],"about":[{"href":"https:\/\/zjarr.tv\/sq\/wp-json\/wp\/v2\/types\/post"}],"author":[{"embeddable":true,"href":"https:\/\/zjarr.tv\/sq\/wp-json\/wp\/v2\/users\/2013"}],"replies":[{"embeddable":true,"href":"https:\/\/zjarr.tv\/sq\/wp-json\/wp\/v2\/comments?post=107344"}],"version-history":[{"count":0,"href":"https:\/\/zjarr.tv\/sq\/wp-json\/wp\/v2\/posts\/107344\/revisions"}],"wp:featuredmedia":[{"embeddable":true,"href":"https:\/\/zjarr.tv\/sq\/wp-json\/wp\/v2\/media\/100356"}],"wp:attachment":[{"href":"https:\/\/zjarr.tv\/sq\/wp-json\/wp\/v2\/media?parent=107344"}],"wp:term":[{"taxonomy":"category","embeddable":true,"href":"https:\/\/zjarr.tv\/sq\/wp-json\/wp\/v2\/categories?post=107344"},{"taxonomy":"post_tag","embeddable":true,"href":"https:\/\/zjarr.tv\/sq\/wp-json\/wp\/v2\/tags?post=107344"}],"curies":[{"name":"wp","href":"https:\/\/api.w.org\/{rel}","templated":true}]}}