{"id":107346,"date":"2019-09-17T13:20:06","date_gmt":"2019-09-17T11:20:06","guid":{"rendered":"https:\/\/zjarr.tv\/?p=107346"},"modified":"2019-09-17T13:20:06","modified_gmt":"2019-09-17T11:20:06","slug":"po-ndiqem-nga-mafia-ruse-zhduket-pa-gjurme-i-riu-ne-tirane-motra-denoncon-ne-polici-emri","status":"publish","type":"post","link":"https:\/\/zjarr.tv\/sq\/po-ndiqem-nga-mafia-ruse-zhduket-pa-gjurme-i-riu-ne-tirane-motra-denoncon-ne-polici-emri\/","title":{"rendered":"\u2018Po ndiqem nga mafia ruse\u2019, zhduket pa gjurm\u00eb i riu n\u00eb Tiran\u00eb, motra denoncon n\u00eb polici. Emri"},"content":{"rendered":"<div class=\"readmore-text-here\">\n<p>\u201dPo ndiqem nga mafia ruse\u2026\u201d, ky \u00ebsht\u00eb mesazhi i d\u00ebrguar policis\u00eb nga nj\u00eb i ri nga Burreli me banim n\u00eb kryeqytet. As m\u00eb pak dhe as m\u00eb shum\u00eb ky pretendim \u00ebsht\u00eb dor\u00ebzuar n\u00eb polici nga e motra e t\u00eb riut, i cili ka humbur kontaktet me familjen p\u00ebr disa or\u00eb dhe nuk dihet asgj\u00eb p\u00ebr t\u00eb.<\/p>\n<p>N\u00eb or\u00ebn 12 t\u00eb nat\u00ebs e motra e 32-vje\u00e7arit, i cili \u00ebsht\u00eb i angazhuar edhe n\u00eb jet\u00ebn politike, u paraqit n\u00eb polici. Duke qar\u00eb ajo ka k\u00ebrkuar takim me oficer\u00ebt m\u00eb t\u00eb mir\u00eb sepse kishte di\u00e7ka p\u00ebr t\u00eb denoncuar.<\/p>\n<p>E. Koleci 30 vje\u00e7 \u00ebsht\u00eb motra e t\u00eb riut nga Burreli. Vajza i thot\u00eb policis\u00eb se n\u00eb or\u00ebn 19:40 ka humbur kontaktin me t\u00eb v\u00ebllan\u00eb dhe se ajo nuk mund t\u00eb duronte dot m\u00eb gjat\u00eb dhe as t\u00eb priste pasi ishte shum\u00eb e shqet\u00ebsuar. \u201cIm v\u00eblla, shton vajza, mund t\u00eb jet\u00eb n\u00eb rrezik jete\u201d, ka k\u00ebmb\u00ebngulur m\u00eb tej motra, e cila k\u00ebrkon adres\u00ebn dhe t\u2019i gjendet i v\u00ebllai.<\/p>\n<p>Gjith\u00eb alarmimi i saj i buron nga nj\u00eb mesazh q\u00eb i ka nisur, n\u00eb t\u00eb cilin e vendoste n\u00eb dijeni se \u201cpo ndiqej nga mafia ruse\u201d. Nd\u00ebrkoh\u00eb, m\u00eb tej denoncuesja shton se Algert Koleci ka njoftuar edhe Policin\u00eb e Shtetit p\u00ebr k\u00ebt\u00eb shqet\u00ebsim. Q\u00eb prej denoncimit t\u00eb dor\u00ebzuar tri dit\u00eb m\u00eb par\u00eb, policia nuk jep asnj\u00eb informacion n\u00ebse \u00ebsht\u00eb gjetur apo jo i riu, pasi si\u00e7 ndodh r\u00ebndom, p\u00ebrgjigjja e dh\u00ebn\u00eb ndaj Gazet\u00ebs Si ishte \u201cpo punohet dhe \u00e7do gj\u00eb \u00ebsht\u00eb sekret\u201d.<\/p>\n<p><strong>Po kush \u00ebsht\u00eb Algert Koleci<\/strong><\/p>\n<p>N\u00eb faqen e tij n\u00eb \u201cFacebook\u201d, ai rezulton i angazhuar edhe me Partin\u00eb Socialiste. \u00cbsht\u00eb njoh\u00ebs shum\u00eb i mir\u00eb i disa gjuh\u00ebve t\u00eb huaja si edhe komunikon n\u00eb turqisht. Nd\u00ebrsa nuk t\u00eb krijohet aspak p\u00ebrshtypja se ai nd\u00ebrkoh\u00eb ka udh\u00ebtuar n\u00eb Rusi apo se flet rusisht. N\u00ebse \u00ebsht\u00eb nj\u00eb shaka me familjen apo v\u00ebrtet ai ka humbur, do t\u00eb m\u00ebsohet s\u00eb shpejti, sapo policia ta referoj\u00eb \u00e7\u00ebshtjen n\u00eb prokurori. Sidoqoft\u00eb p\u00ebr momentin, policia lokale tregon se \u201cpo mundohet t\u00eb kontaktoj\u00eb me 32-vje\u00e7arin\u201d.\/Gazeta Si\/<\/p>\n<\/div>\n<div id=\"rekl-33\"><\/div>\n","protected":false},"excerpt":{"rendered":"<p>\u201dPo ndiqem nga mafia ruse\u2026\u201d, ky \u00ebsht\u00eb mesazhi i d\u00ebrguar policis\u00eb nga nj\u00eb i ri nga Burreli me banim n\u00eb kryeqytet. As m\u00eb pak dhe as m\u00eb shum\u00eb ky pretendim \u00ebsht\u00eb dor\u00ebzuar n\u00eb polici nga e motra e t\u00eb riut, i cili ka humbur kontaktet me familjen p\u00ebr disa or\u00eb dhe nuk dihet asgj\u00eb p\u00ebr [&hellip;]<\/p>\n","protected":false},"author":2013,"featured_media":107347,"comment_status":"open","ping_status":"closed","sticky":false,"template":"","format":"standard","meta":{"footnotes":""},"categories":[241,235],"tags":[],"class_list":{"0":"post-107346","1":"post","2":"type-post","3":"status-publish","4":"format-standard","5":"has-post-thumbnail","7":"category-aktualitet","8":"category-vendi"},"_links":{"self":[{"href":"https:\/\/zjarr.tv\/sq\/wp-json\/wp\/v2\/posts\/107346","targetHints":{"allow":["GET"]}}],"collection":[{"href":"https:\/\/zjarr.tv\/sq\/wp-json\/wp\/v2\/posts"}],"about":[{"href":"https:\/\/zjarr.tv\/sq\/wp-json\/wp\/v2\/types\/post"}],"author":[{"embeddable":true,"href":"https:\/\/zjarr.tv\/sq\/wp-json\/wp\/v2\/users\/2013"}],"replies":[{"embeddable":true,"href":"https:\/\/zjarr.tv\/sq\/wp-json\/wp\/v2\/comments?post=107346"}],"version-history":[{"count":0,"href":"https:\/\/zjarr.tv\/sq\/wp-json\/wp\/v2\/posts\/107346\/revisions"}],"wp:featuredmedia":[{"embeddable":true,"href":"https:\/\/zjarr.tv\/sq\/wp-json\/wp\/v2\/media\/107347"}],"wp:attachment":[{"href":"https:\/\/zjarr.tv\/sq\/wp-json\/wp\/v2\/media?parent=107346"}],"wp:term":[{"taxonomy":"category","embeddable":true,"href":"https:\/\/zjarr.tv\/sq\/wp-json\/wp\/v2\/categories?post=107346"},{"taxonomy":"post_tag","embeddable":true,"href":"https:\/\/zjarr.tv\/sq\/wp-json\/wp\/v2\/tags?post=107346"}],"curies":[{"name":"wp","href":"https:\/\/api.w.org\/{rel}","templated":true}]}}