{"id":107359,"date":"2019-09-17T14:20:41","date_gmt":"2019-09-17T12:20:41","guid":{"rendered":"https:\/\/zjarr.tv\/?p=107359"},"modified":"2019-09-17T14:20:41","modified_gmt":"2019-09-17T12:20:41","slug":"aksident-ne-kruje-fuoristrada-del-nga-rruga-dhe-bie-ne-gremine","status":"publish","type":"post","link":"https:\/\/zjarr.tv\/sq\/aksident-ne-kruje-fuoristrada-del-nga-rruga-dhe-bie-ne-gremine\/","title":{"rendered":"Aksident n\u00eb Kruj\u00eb, \u201cfuoristrada\u201d del nga rruga dhe bie n\u00eb gremin\u00eb"},"content":{"rendered":"<div class=\"container no-gutter responsive-full-width article_content\">\n<div class=\"row\">\n<div class=\"col-md-10 col-sm-10 article-text\">\n<p>Nj\u00eb aksident i r\u00ebnd\u00eb ka ndodhur n\u00eb Malesin\u00eb e Kruj\u00ebs, ku ka humbur jet\u00ebn nj\u00eb person dhe jan\u00eb plagosur 2 t\u00eb tjer\u00eb.<\/p>\n<p>Sipas informacioneve t\u00eb para, nj\u00eb fuoristrad\u00eb ka dal\u00eb nga rruga dhe ka p\u00ebrfunduar n\u00eb gremin\u00eb.<\/p>\n<p>P\u00ebr pasoj\u00eb ka humbur jet\u00ebn shtetasi Qazim Basha dhe jan\u00eb n\u00eb gjendje t\u00eb r\u00ebnd\u00eb Besim Karaj dhe Ermir Zylfa.<\/p>\n<div class=\"desktop_ad\"><ins><\/p>\n<div id=\"beacon_e3facc5d8d\"><img loading=\"lazy\" decoding=\"async\" src=\"https:\/\/ads.balkanweb.com\/www\/delivery\/lg.php?bannerid=0&amp;campaignid=0&amp;zoneid=358&amp;loc=https%3A%2F%2Fbalkanweb.com%2Faksident-ne-kruje-fuoristrada-del-nga-rruga-dhe-bie-ne-gremine-1-i-vdekur-e-2-te-plagosur%2F&amp;referer=https%3A%2F%2Fbalkanweb.com%2Fkategoria%2Fshqiperia%2F&amp;cb=e3facc5d8d\" alt=\"\" width=\"0\" height=\"0\" \/><\/div>\n<p><\/ins><\/div>\n<\/div>\n<\/div>\n<\/div>\n<div class=\"container no-gutter responsive-full-width similar_news_holder main-news-navigator\">\n<div class=\"row\">\n<div class=\"desktop_ad ad_spaces\"><ins><\/p>\n<div id=\"beacon_13d00a2154\"><img loading=\"lazy\" decoding=\"async\" src=\"https:\/\/ads.balkanweb.com\/www\/delivery\/lg.php?bannerid=0&amp;campaignid=0&amp;zoneid=427&amp;loc=https%3A%2F%2Fbalkanweb.com%2Faksident-ne-kruje-fuoristrada-del-nga-rruga-dhe-bie-ne-gremine-1-i-vdekur-e-2-te-plagosur%2F&amp;referer=https%3A%2F%2Fbalkanweb.com%2Fkategoria%2Fshqiperia%2F&amp;cb=13d00a2154\" alt=\"\" width=\"0\" height=\"0\" \/><\/div>\n<p><\/ins><\/div>\n<div class=\"col-md-12 col-sm-12\">\n<div class=\"category-featured-title no-top-border\"><\/div>\n<\/div>\n<\/div>\n<\/div>\n","protected":false},"excerpt":{"rendered":"<p>Nj\u00eb aksident i r\u00ebnd\u00eb ka ndodhur n\u00eb Malesin\u00eb e Kruj\u00ebs, ku ka humbur jet\u00ebn nj\u00eb person dhe jan\u00eb plagosur 2 t\u00eb tjer\u00eb. Sipas informacioneve t\u00eb para, nj\u00eb fuoristrad\u00eb ka dal\u00eb nga rruga dhe ka p\u00ebrfunduar n\u00eb gremin\u00eb. P\u00ebr pasoj\u00eb ka humbur jet\u00ebn shtetasi Qazim Basha dhe jan\u00eb n\u00eb gjendje t\u00eb r\u00ebnd\u00eb Besim Karaj dhe Ermir [&hellip;]<\/p>\n","protected":false},"author":2013,"featured_media":107362,"comment_status":"open","ping_status":"closed","sticky":false,"template":"","format":"standard","meta":{"footnotes":""},"categories":[241,235],"tags":[],"class_list":{"0":"post-107359","1":"post","2":"type-post","3":"status-publish","4":"format-standard","5":"has-post-thumbnail","7":"category-aktualitet","8":"category-vendi"},"_links":{"self":[{"href":"https:\/\/zjarr.tv\/sq\/wp-json\/wp\/v2\/posts\/107359","targetHints":{"allow":["GET"]}}],"collection":[{"href":"https:\/\/zjarr.tv\/sq\/wp-json\/wp\/v2\/posts"}],"about":[{"href":"https:\/\/zjarr.tv\/sq\/wp-json\/wp\/v2\/types\/post"}],"author":[{"embeddable":true,"href":"https:\/\/zjarr.tv\/sq\/wp-json\/wp\/v2\/users\/2013"}],"replies":[{"embeddable":true,"href":"https:\/\/zjarr.tv\/sq\/wp-json\/wp\/v2\/comments?post=107359"}],"version-history":[{"count":0,"href":"https:\/\/zjarr.tv\/sq\/wp-json\/wp\/v2\/posts\/107359\/revisions"}],"wp:featuredmedia":[{"embeddable":true,"href":"https:\/\/zjarr.tv\/sq\/wp-json\/wp\/v2\/media\/107362"}],"wp:attachment":[{"href":"https:\/\/zjarr.tv\/sq\/wp-json\/wp\/v2\/media?parent=107359"}],"wp:term":[{"taxonomy":"category","embeddable":true,"href":"https:\/\/zjarr.tv\/sq\/wp-json\/wp\/v2\/categories?post=107359"},{"taxonomy":"post_tag","embeddable":true,"href":"https:\/\/zjarr.tv\/sq\/wp-json\/wp\/v2\/tags?post=107359"}],"curies":[{"name":"wp","href":"https:\/\/api.w.org\/{rel}","templated":true}]}}