{"id":107373,"date":"2019-09-17T16:41:27","date_gmt":"2019-09-17T14:41:27","guid":{"rendered":"https:\/\/zjarr.tv\/?p=107373"},"modified":"2019-09-17T16:41:27","modified_gmt":"2019-09-17T14:41:27","slug":"integrimi-ne-be-rama-i-jep-yll-in-e-madh-tusk-faleminderit","status":"publish","type":"post","link":"https:\/\/zjarr.tv\/sq\/integrimi-ne-be-rama-i-jep-yll-in-e-madh-tusk-faleminderit\/","title":{"rendered":"Integrimi n\u00eb BE, Rama i jep \u2018Yll-in e madh\u2019, Tusk: Faleminderit"},"content":{"rendered":"<div class=\"readmore-text-here\">\n<p>Presidenti i K\u00ebshillit t\u00eb Europ\u00ebs, Donald Tusk, ishte n\u00eb Tiran\u00eb k\u00ebt\u00eb t\u00eb mart\u00eb, ku zhvilloi nj\u00eb takim me kryeministrin Edi Rama ku n\u00eb fokus t\u00eb diskutimeve ka qen\u00eb \u00e7elja e negociatave t\u00eb Shqip\u00ebris\u00eb me BE-n\u00eb. N\u00eb p\u00ebrfundim, ata zhvilluan nj\u00eb konferenc\u00eb p\u00ebr mediat.<\/p>\n<p>Rama fal\u00ebnderoi Presidentit Tusk, p\u00ebr q\u00ebndrimet e k\u00ebtij t\u00eb fundit n\u00eb lidhje me negociatat dhe tha se e dekoruan at\u00eb me medaljen \u2018Ylli i mir\u00ebnjohjes\u2019.<\/p>\n<p>\u2018M\u00eb vjen shum\u00eb mir\u00eb q\u00eb sot pata mund\u00ebsin\u00eb ta fal\u00ebnderoj Presidentin k\u00ebtu n\u00eb Tiran\u00eb p\u00ebr \u00e7ka ka b\u00ebr\u00eb dhe gjithashtu t\u00eb ndaj me t\u00eb dhe nj\u00eb moment t\u00eb ve\u00e7ant\u00eb p\u00ebr mua dhe p\u00ebr ne, shpresoj dhe p\u00ebr t\u00eb duke i akorduar \u2018Yllin e madh t\u00eb mir\u00ebnjohjes\u2019, dhe n\u00eb at\u00eb rast duke ndar\u00eb edhe disa momente t\u00eb r\u00ebnd\u00ebsishme jo vet\u00ebm simbolikisht n\u00eb historin\u00eb e p\u00ebrbashk\u00ebt mes vendit t\u00eb tij dhe vendit ton\u00eb\u2019, tha Rama.<\/p>\n<p>Tusk u shpreh se ishte krenar q\u00eb kishte marr\u00eb k\u00ebt\u00eb dekorat\u00eb, por theksoi se medalja m\u00eb e madhe p\u00ebr t\u00eb do t\u00eb ishte \u00e7elja e negociatave. Sipas tij an\u00ebtar\u00ebsimi i Shqip\u00ebris\u00eb dhe gjith\u00eb vendeve t\u00eb Ballkanit Per\u00ebndimor n\u00eb BE \u00ebsht\u00eb n\u00eb interesin e t\u00eb gjith\u00eb Europ\u00ebs.<\/p>\n<p>\u2018Gjithnj\u00eb kthehem n\u00eb Shqip\u00ebri me k\u00ebnaq\u00ebsi, m\u00eb lejoni t\u2019ju fal\u00ebnderoj p\u00ebr nderin e madh q\u00eb m\u00eb b\u00ebt\u00eb duke m\u00eb dh\u00ebn\u00eb medaljen e mir\u00ebnjohjes publike. Jam shum\u00eb krenar ta marr k\u00ebt\u00eb yll, k\u00ebt\u00eb mir\u00ebnjohje, por medalja m\u00eb madhe p\u00ebr mua do t\u00eb ishte \u00e7elja e negociatave p\u00ebr an\u00ebtar\u00ebsim me Shqip\u00ebrin\u00eb. Mund t\u00eb them q\u00eb n\u00eb saj\u00eb t\u00eb p\u00ebrpjekjeve tuaja ne i jemi afruar k\u00ebtij objektivi.<\/p>\n<p>Askush nuk duhet t\u00eb ket\u00eb as dyshimin m\u00eb t\u00eb vog\u00ebl, as n\u00eb Tiran\u00eb e as n\u00eb kryeqytet e BE-s\u00eb. N\u00cb Qershor krer\u00ebt e shteteve dhe qeverive t\u00eb BE u angazhuan por t\u00eb dh\u00ebn\u00eb nj\u00eb vendim t\u00eb art\u00eb p\u00ebr \u00e7eljen e negociatave me ju dhe Maqedonin\u00eb e Veriut. Po i afrohemi k\u00ebtij momenti.<\/p>\n<p>Kam qen\u00eb gjithnj\u00eb i mendimit q\u00eb BE duhet t\u00eb \u00e7el\u00eb negociatat p\u00ebr Shqip\u00ebrin\u00eb dhe Maqedonin\u00eb e Veriut. Nuk e kam ndryshuar mendjen, vendi juaj duhet t\u00eb trajtohet me t\u00eb nj\u00ebjtin respekt dhe sipas meritave t\u00eb veta si\u00e7 jan\u00eb trajtuar vendet e tjera t\u00eb rajonit q\u00eb ndajn\u00eb me ju objektivin e t\u00eb qenit shtet an\u00ebtar me BE.<\/p>\n<p>N\u00eb takimin e sot\u00ebm ne diskutuam dhe r\u00ebnd\u00ebsin\u00eb q\u00eb ka p\u00ebr Shqip\u00ebrin\u00eb ruajtja e historikut solid n\u00eb lidhje luft\u00ebn ndaj korrupsionit dhe krimit t\u00eb organizuar, pra sundimit t\u00eb ligjit. Ky fiksim i BE-s\u00eb me sundimin e ligji, madje do t\u00eb thosha edhe dy element\u00eb t\u00eb tjer\u00eb si marr\u00ebdh\u00ebniet e fqinj\u00ebsis\u00eb s\u00eb mir\u00eb dhe pajtimi \u00ebsht\u00eb pjes\u00eb e ADN-s\u00eb ton\u00eb dhe ka p\u00ebr t\u00eb vazhduar e till\u00eb edhe kur ju t\u00eb b\u00ebheni shtet an\u00ebtar.<\/p>\n<p>An\u00ebtar\u00ebsimi i Shqip\u00ebris\u00eb dhe rajonit n\u00eb BE \u00ebsht\u00eb n\u00eb interesin m\u00eb t\u00eb mir\u00eb t\u00eb t\u00eb gjith\u00eb Europ\u00ebs. Nuk do ket\u00eb Europ\u00eb stab\u00ebl pa integrimin e gjith\u00eb Ballkanit Per\u00ebndimor n\u00eb BE pasi k\u00ebtu b\u00ebhet fjal\u00eb p\u00ebr r\u00ebnd\u00ebsin\u00eb madhore t\u00eb t\u00eb ardhmes son\u00eb t\u00eb p\u00ebrbashk\u00ebt dhe kjo do t\u00eb thot\u00eb q\u00eb askush nuk po i b\u00ebn askujt asnj\u00eb nder\u2019, tha Tusk.<\/p>\n<p>M\u00eb her\u00ebt Presidenti i K\u00ebshillit t\u00eb Europ\u00ebs ishte n\u00eb Maqedonin\u00eb e Veriut ku u takua me lider\u00ebt e vendit.<\/p>\n<\/div>\n<div id=\"rekl-33\"><\/div>\n","protected":false},"excerpt":{"rendered":"<p>Presidenti i K\u00ebshillit t\u00eb Europ\u00ebs, Donald Tusk, ishte n\u00eb Tiran\u00eb k\u00ebt\u00eb t\u00eb mart\u00eb, ku zhvilloi nj\u00eb takim me kryeministrin Edi Rama ku n\u00eb fokus t\u00eb diskutimeve ka qen\u00eb \u00e7elja e negociatave t\u00eb Shqip\u00ebris\u00eb me BE-n\u00eb. N\u00eb p\u00ebrfundim, ata zhvilluan nj\u00eb konferenc\u00eb p\u00ebr mediat. Rama fal\u00ebnderoi Presidentit Tusk, p\u00ebr q\u00ebndrimet e k\u00ebtij t\u00eb fundit n\u00eb lidhje [&hellip;]<\/p>\n","protected":false},"author":2013,"featured_media":107468,"comment_status":"open","ping_status":"closed","sticky":false,"template":"","format":"standard","meta":{"footnotes":""},"categories":[241,235],"tags":[],"class_list":{"0":"post-107373","1":"post","2":"type-post","3":"status-publish","4":"format-standard","5":"has-post-thumbnail","7":"category-aktualitet","8":"category-vendi"},"_links":{"self":[{"href":"https:\/\/zjarr.tv\/sq\/wp-json\/wp\/v2\/posts\/107373","targetHints":{"allow":["GET"]}}],"collection":[{"href":"https:\/\/zjarr.tv\/sq\/wp-json\/wp\/v2\/posts"}],"about":[{"href":"https:\/\/zjarr.tv\/sq\/wp-json\/wp\/v2\/types\/post"}],"author":[{"embeddable":true,"href":"https:\/\/zjarr.tv\/sq\/wp-json\/wp\/v2\/users\/2013"}],"replies":[{"embeddable":true,"href":"https:\/\/zjarr.tv\/sq\/wp-json\/wp\/v2\/comments?post=107373"}],"version-history":[{"count":0,"href":"https:\/\/zjarr.tv\/sq\/wp-json\/wp\/v2\/posts\/107373\/revisions"}],"wp:featuredmedia":[{"embeddable":true,"href":"https:\/\/zjarr.tv\/sq\/wp-json\/wp\/v2\/media\/107468"}],"wp:attachment":[{"href":"https:\/\/zjarr.tv\/sq\/wp-json\/wp\/v2\/media?parent=107373"}],"wp:term":[{"taxonomy":"category","embeddable":true,"href":"https:\/\/zjarr.tv\/sq\/wp-json\/wp\/v2\/categories?post=107373"},{"taxonomy":"post_tag","embeddable":true,"href":"https:\/\/zjarr.tv\/sq\/wp-json\/wp\/v2\/tags?post=107373"}],"curies":[{"name":"wp","href":"https:\/\/api.w.org\/{rel}","templated":true}]}}