{"id":107382,"date":"2019-09-17T18:50:33","date_gmt":"2019-09-17T16:50:33","guid":{"rendered":"https:\/\/zjarr.tv\/?p=107382"},"modified":"2019-09-17T15:55:07","modified_gmt":"2019-09-17T13:55:07","slug":"cili-nga-kandidatet-per-kryeminister-do-te-bisedoje-me-serbine-dhe-ne-cmenyre","status":"publish","type":"post","link":"https:\/\/zjarr.tv\/sq\/cili-nga-kandidatet-per-kryeminister-do-te-bisedoje-me-serbine-dhe-ne-cmenyre\/","title":{"rendered":"Cili nga kandidat\u00ebt p\u00ebr kryeminist\u00ebr do t\u00eb bisedoj\u00eb me Serbin\u00eb dhe n\u00eb \u00e7&#8217;m\u00ebnyr\u00eb?"},"content":{"rendered":"<p>Dialogu p\u00ebr normalizimin e marr\u00ebdh\u00ebnieve nd\u00ebrmjet Kosov\u00ebs dhe Serbis\u00eb dhe qasja ndaj k\u00ebtij dialogu, \u00ebsht\u00eb nj\u00eb temat n\u00eb t\u00eb cilat jan\u00eb fokusuar shumica e kandidat\u00ebve, t\u00eb cil\u00ebt partit\u00eb politike q\u00eb garojn\u00eb n\u00eb zgjedhjet e parakohshme parlamentare t\u00eb 6 tetorit, i<strong>\u00a0<\/strong>kan\u00eb nominuar p\u00ebr kryeminist\u00ebr t\u00eb vendit.<\/p>\n<p>Dy kandidat\u00ebt p\u00ebr kryeminist\u00ebr t\u00eb partive politike, t\u00eb cilat n\u00eb mandatin e kaluar legjislativ kan\u00eb qen\u00eb pjes\u00eb e opozit\u00ebs, Vjosa Osmani nga Lidhja Demokratike e Kosov\u00ebs dhe Albin Kurti nga L\u00ebvizja Vet\u00ebvendosje, kan\u00eb p\u00ebrjashtuar mund\u00ebsin\u00eb q\u00eb presidenti i vendit, Hashim Tha\u00e7i, ta ket\u00eb rolin udh\u00ebheq\u00ebs n\u00eb k\u00ebt\u00eb proces. Sipas tyre, rolin kryesor n\u00eb udh\u00ebheqjen e k\u00ebtij procesi do ta ket\u00eb Qeveria e Kosov\u00ebs.<\/p>\n<p>Vjosa Osmani, e nominuar p\u00ebr kryeministre nga Lidhja Demokratike e Kosov\u00ebs, ka theksuar se procesin e dialogut me Serbin\u00eb, n\u00eb rast se b\u00ebhet kryeministre, do ta udh\u00ebheq\u00eb ajo.<\/p>\n<p><em>\u201cDialogu duhet t\u00eb udh\u00ebhiqet nga qeveria. At\u00eb proces do t\u00eb udh\u00ebheq un\u00eb. N\u00eb fush\u00ebn e negociatave dhe dialogut, kam p\u00ebrvoj\u00eb m\u00eb shum\u00eb se secili nga kandidat\u00ebt p\u00ebr kryeminist\u00ebr. Pasi q\u00eb ne si qeveria ta negociojm\u00eb dhe n\u00ebnshkruajm\u00eb marr\u00ebveshjen, n\u00eb bashk\u00ebpunim gjat\u00eb gjith\u00eb koh\u00ebs me Kuvendin dhe pasi t\u00eb ratifikohet ajo marr\u00ebveshje n\u00eb Kuvend, presidenti e ka nj\u00eb detyr\u00eb ceremoniale q\u00eb ta vendos\u00eb n\u00ebnshkrimin n\u00eb dekretin p\u00ebr ratifikimin e marr\u00ebveshjes\u201d,<\/em>\u00a0ka th\u00ebn\u00eb Osmani.<\/p>\n<p>P\u00ebrjashtimin e rolit kryesor t\u00eb presidentit t\u00eb vendit n\u00eb udh\u00ebheqjen e dialogut me Serbin\u00eb, e ka theksuar edhe Albin Kurti, kandidat i nominuar p\u00ebr kryeminist\u00ebr nga L\u00ebvizja Vet\u00ebvendosje. Sipas tij, procesin e dialogut duhet ta udh\u00ebheq\u00eb Qeveria e Kosov\u00ebs. Ai ka theksuar se n\u00eb rast se merr postin e kryeministrit, fillimisht duhet rishqyrtuar t\u00eb gjitha marr\u00ebveshjet e arritura n\u00eb dialogun e Brukselit.<\/p>\n<p><em>\u201cK\u00ebt\u00eb nuk mund ta b\u00ebj rivalja ime (Vjosa Osmani), sepse ajo do t\u00eb jet\u00eb kryeparlamentare. Un\u00eb do t\u00eb jem kryeminist\u00ebr pas 6 tetorit. Ne duhet ta krijojm\u00eb nj\u00eb ekip negociator, i cili duhet ta ket\u00eb strategjin\u00eb p\u00ebrkat\u00ebse dhe duhet t\u2019i ket\u00eb edhe parimet e dialogut, n\u00eb m\u00ebnyr\u00eb q\u00eb t\u00eb mos krijohet nj\u00eb lloj kakofonie n\u00eb k\u00ebt\u00eb aspekt. Por, kjo nuk vjen menj\u00ebher\u00eb. Ne na nevojitet nj\u00eb komision, ta kemi nj\u00eb komision q\u00eb e mbyll\u00eb shpejt kapitullin e 33 marr\u00ebveshjeve t\u00eb realizuara p\u00ebrgjat\u00eb dialogut n\u00eb vitin 2012 deri n\u00eb vitin 2017\u201d,\u00a0<\/em>ka theksuar Kurti.<\/p>\n<p>Nd\u00ebrkaq, lideri i Aleanc\u00ebs p\u00ebr Ardhm\u00ebrin\u00eb e Kosov\u00ebs, Ramush Haradinaj, kryeminist\u00ebr n\u00eb largim dhe i nominuar s\u00ebrish p\u00ebr kryeminist\u00ebr nga partia e tij dhe Partia Socialdemokrate, ka deklaruar se vendimi p\u00ebr taks\u00ebn prej 100 p\u00ebr qind ndaj produkteve t\u00eb Serbis\u00eb, e ka sjell\u00eb k\u00ebt\u00eb t\u00eb fundit para situat\u00ebs q\u00eb ta kuptoj\u00eb se Kosova nuk shkon n\u00eb dialog me kushte.<\/p>\n<p><em>\u201cNe kemi nevoj\u00eb p\u00ebr fqinj\u00ebsi t\u00eb mir\u00eb me Serbin\u00eb dhe po ashtu Serbia ka nevoj\u00eb p\u00ebr fqinj\u00ebsi t\u00eb mir\u00eb me Kosov\u00ebn. Ne jemi t\u00eb gatsh\u00ebm p\u00ebr k\u00ebt\u00eb. Por, nuk jemi t\u00eb gatsh\u00ebm p\u00ebr ripushtim, p\u00ebr rin\u00ebnshtrim dhe p\u00ebr \u00e7far\u00ebdo situate t\u00eb dor\u00ebs s\u00eb dyt\u00eb. Pra, vet\u00ebm si dy shtete, si dy fqinj\u00eb, si dy pal\u00eb q\u00eb kan\u00eb interesa. K\u00ebt\u00eb, kurr\u00eb m\u00eb t\u00eb qart\u00eb nuk e ka pasur Serbia, ju siguroj\u201d<\/em>, theksoi Haradinaj.<\/p>\n<p>Fatmir Limaj, i nominuar si kandidat p\u00ebr kryeminist\u00ebr nga Nisma Socialdemokrate, Aleanca Kosova e Re dhe Partia e Drejt\u00ebsis\u00eb, dit\u00eb m\u00eb par\u00eb p\u00ebrmes nj\u00eb letre publike t\u00eb drejtuar dit\u00eb m\u00eb par\u00eb kandidat\u00ebve q\u00eb garojn\u00eb p\u00ebr postin e kryeministrit t\u00eb vendit, ka th\u00ebn\u00eb se nevojitet nj\u00eb unitet i spektrit politik p\u00ebr t\u2019iu qasur dialogut me Serbin\u00eb, i cili unitete kishte munguar n\u00eb mandatin e kaluar t\u00eb legjislativit.<\/p>\n<p><em>\u201cT\u00eb vet\u00ebdijsh\u00ebm se populli i Kosov\u00ebs nuk e meriton q\u00eb aleat\u00ebt e Kosov\u00ebs, ata q\u00eb n\u00eb momentet jetike kan\u00eb q\u00ebndruar pran\u00eb popullit ton\u00eb, t\u00eb zhg\u00ebnjehen nga mungesa e aft\u00ebsis\u00eb institucionale q\u00eb t\u00eb miratohen e merren vendime n\u00eb interes t\u00eb ardhm\u00ebris\u00eb s\u00eb vendit, Kuvendi i Kosov\u00ebs miratoi platform\u00ebn mbi baz\u00ebn e t\u00eb cil\u00ebs duhej t\u00eb nd\u00ebrtohej nj\u00eb konsensus i p\u00ebrgjithsh\u00ebm i pik\u00ebpamjeve tona politike p\u00ebr \u00e7\u00ebshtjen e dialogut me Serbin\u00eb\u201d,<\/em>\u00a0ka shkruar Limaj.<\/p>\n<p>Ndryshe nga t\u00eb gjith\u00eb kandidat\u00ebt tjer\u00eb t\u00eb nominuar p\u00ebr kryeminist\u00ebr, lideri i Partis\u00eb Demokratike t\u00eb Kosov\u00ebs, Kadri Veseli, ende nuk \u00ebsht\u00eb deklaruar lidhur me qasjen q\u00eb do ta ket\u00eb ndaj procesit t\u00eb dialogut me Serbin\u00eb. Gjat\u00eb koh\u00ebs sa n\u00eb Kosov\u00eb po vazhdon nj\u00eb lloj parafushate p\u00ebr zgjedhjet e 6 tetorit, ai \u00ebsht\u00eb koncentruar kryesisht n\u00eb tem\u00ebn e luft\u00ebs kund\u00ebr korrupsionit dhe krimit t\u00eb organizuar.<\/p>\n<p>Edhe Nenad Rashiq nga koalicioni \u201cLiria\u201d, ka shpallur kandidatur\u00ebn p\u00ebr kryeminist\u00ebr t\u00eb Kosov\u00ebs. Ai thot\u00eb q\u00eb dialogu Kosov\u00eb \u2013Serbi duhet domosdo q\u00eb t\u00eb vazhdoj\u00eb sa m\u00eb par\u00eb dhe menj\u00ebher\u00eb pas formimit t\u00eb qeveris\u00eb s\u00eb re, e cila, sipas tij, duhet ta ket\u00eb rolin kryesor n\u00eb k\u00ebt\u00eb proces.<\/p>\n<p>\u201cN\u00eb at\u00eb rast, personi m\u00eb kompetent do t\u00eb ishte kryeministri i ri ose nj\u00eb ekip i ri, n\u00eb kuad\u00ebr t\u00eb s\u00eb cilit do t\u00eb ishin kryeministri, z\u00ebvend\u00ebskryeministrat nga cilado shumic\u00eb qeveris\u00ebse. Kjo \u00ebsht\u00eb e domosdoshme, sepse kemi par\u00eb q\u00eb ka pasur raste q\u00eb presidenti, i cili, para s\u00eb gjithash duhet t\u00eb jet\u00eb nj\u00eb pozit\u00eb ceremoniale, nd\u00ebrkoh\u00eb q\u00eb doli se n\u00eb esenc\u00eb ai ka iniciuar gj\u00ebra q\u00eb jan\u00eb shum\u00eb serioze dhe q\u00eb tashm\u00eb e dim\u00eb se si p\u00ebrfundoi e gjith\u00eb kjo. Marr\u00ebveshja mund t\u00eb arrihet, por pjesa m\u00eb e v\u00ebshtir\u00eb do t\u00eb jet\u00eb zbatimi\u201d, tha Rashiq.<\/p>\n<p>Dialogu nd\u00ebrmjet Kosov\u00ebs dhe Serbis\u00eb n\u00eb Bruksel, ka nisur me leht\u00ebsimin e k\u00ebtij procesi nga Bashkimi Evropian, n\u00eb vitin 2011. Ky dialog, i cili fillimisht ishte p\u00ebr \u00e7\u00ebshtje teknike, m\u00eb pas ka evoluuar n\u00eb dialog politik nd\u00ebrmjet dy vendeve, i cili synon q\u00eb n\u00eb finale t\u00eb ket\u00eb nj\u00eb marr\u00ebveshje gjith\u00ebp\u00ebrfshir\u00ebse dhe juridikisht obliguese p\u00ebr t\u00eb dy vendet. Q\u00eb nga n\u00ebntori i vitit 2018, kur Qeveria e Kosov\u00ebs pati vendosur taks\u00ebn prej 100 p\u00ebr qind ndaj mallrave t\u00eb Serbis\u00eb dhe Bosnj\u00eb e Hercegovin\u00ebs, Serbia ka refuzuar t\u00eb vazhdoj\u00eb dialogun pa heqjen e k\u00ebsaj takse.<\/p>\n<p>Bashk\u00ebsia nd\u00ebrkomb\u00ebtare, p\u00ebrfshir\u00eb vendet e Kuintit, ku b\u00ebjn\u00eb pjes\u00eb Shtetet e Bashkuara t\u00eb Amerik\u00ebs, Britania e Madhe, Franca, Gjermania dhe Italia, kan\u00eb k\u00ebrkuar pezullimin e taks\u00ebs nga Kosova dhe rifillimin e dialogut me Serbin\u00eb p\u00ebr arritjen e nj\u00eb marr\u00ebveshjeje gjith\u00ebp\u00ebrfshir\u00ebse nd\u00ebrmjet dy vendeve. Vendet e Kuint-it, ve\u00e7 e ve\u00e7, i kan\u00eb ofruar ndihm\u00ebn dhe mb\u00ebshtetjen e tyre Bashkimit Evropian p\u00ebr krijimin e mund\u00ebsive p\u00ebr arritjen e nj\u00eb zgjidhjeje p\u00ebr normalizimin e marr\u00ebdh\u00ebnieve nd\u00ebrmjet Kosov\u00ebs dhe Serbis\u00eb.<\/p>\n","protected":false},"excerpt":{"rendered":"<p>Dialogu p\u00ebr normalizimin e marr\u00ebdh\u00ebnieve nd\u00ebrmjet Kosov\u00ebs dhe Serbis\u00eb dhe qasja ndaj k\u00ebtij dialogu, \u00ebsht\u00eb nj\u00eb temat n\u00eb t\u00eb cilat jan\u00eb fokusuar shumica e kandidat\u00ebve, t\u00eb cil\u00ebt partit\u00eb politike q\u00eb garojn\u00eb n\u00eb zgjedhjet e parakohshme parlamentare t\u00eb 6 tetorit, i\u00a0kan\u00eb nominuar p\u00ebr kryeminist\u00ebr t\u00eb vendit. Dy kandidat\u00ebt p\u00ebr kryeminist\u00ebr t\u00eb partive politike, t\u00eb cilat n\u00eb [&hellip;]<\/p>\n","protected":false},"author":2013,"featured_media":107383,"comment_status":"open","ping_status":"closed","sticky":false,"template":"","format":"standard","meta":{"footnotes":""},"categories":[241,2],"tags":[],"class_list":{"0":"post-107382","1":"post","2":"type-post","3":"status-publish","4":"format-standard","5":"has-post-thumbnail","7":"category-aktualitet","8":"category-rajoni"},"_links":{"self":[{"href":"https:\/\/zjarr.tv\/sq\/wp-json\/wp\/v2\/posts\/107382","targetHints":{"allow":["GET"]}}],"collection":[{"href":"https:\/\/zjarr.tv\/sq\/wp-json\/wp\/v2\/posts"}],"about":[{"href":"https:\/\/zjarr.tv\/sq\/wp-json\/wp\/v2\/types\/post"}],"author":[{"embeddable":true,"href":"https:\/\/zjarr.tv\/sq\/wp-json\/wp\/v2\/users\/2013"}],"replies":[{"embeddable":true,"href":"https:\/\/zjarr.tv\/sq\/wp-json\/wp\/v2\/comments?post=107382"}],"version-history":[{"count":0,"href":"https:\/\/zjarr.tv\/sq\/wp-json\/wp\/v2\/posts\/107382\/revisions"}],"wp:featuredmedia":[{"embeddable":true,"href":"https:\/\/zjarr.tv\/sq\/wp-json\/wp\/v2\/media\/107383"}],"wp:attachment":[{"href":"https:\/\/zjarr.tv\/sq\/wp-json\/wp\/v2\/media?parent=107382"}],"wp:term":[{"taxonomy":"category","embeddable":true,"href":"https:\/\/zjarr.tv\/sq\/wp-json\/wp\/v2\/categories?post=107382"},{"taxonomy":"post_tag","embeddable":true,"href":"https:\/\/zjarr.tv\/sq\/wp-json\/wp\/v2\/tags?post=107382"}],"curies":[{"name":"wp","href":"https:\/\/api.w.org\/{rel}","templated":true}]}}