{"id":107416,"date":"2019-09-17T16:13:11","date_gmt":"2019-09-17T14:13:11","guid":{"rendered":"https:\/\/zjarr.tv\/?p=107416"},"modified":"2019-09-17T16:13:11","modified_gmt":"2019-09-17T14:13:11","slug":"rama-pas-takimit-me-kreun-e-ke-tusk-avokat-i-procesit-te-integrimit-erdhi-per-te-dhene-nje-mesazh-2","status":"publish","type":"post","link":"https:\/\/zjarr.tv\/sq\/rama-pas-takimit-me-kreun-e-ke-tusk-avokat-i-procesit-te-integrimit-erdhi-per-te-dhene-nje-mesazh-2\/","title":{"rendered":"Rama pas takimit me kreun e KE: Tusk, avokat i procesit t\u00eb integrimit, erdhi p\u00ebr t\u00eb dh\u00ebn\u00eb nj\u00eb mesazh"},"content":{"rendered":"<p>Kryeministri Edi Rama ka dal\u00eb n\u00eb nj\u00eb konferenc\u00eb p\u00ebr media s\u00eb bashku me Presidentin e K\u00ebshillit Evropian, Donald Tusk, i cili ndodhet n\u00eb Tiran\u00eb p\u00ebr procesin e integrimit t\u00eb Shqip\u00ebris\u00eb n\u00eb BE. N\u00eb fjal\u00ebn e tij, kreu i qeveris\u00eb shqiptare e cil\u00ebsoi Tusk si avokat t\u00eb procesit t\u00eb zgjerimit dhe afrimit t\u00eb m\u00ebtejsh\u00ebm t\u00eb Shqip\u00ebris\u00eb n\u00eb BE.<\/p>\n<div id=\"sovrn\" class=\"desktop_ad ad_bottom_space\"><ins><\/p>\n<div id=\"beacon_9e3ccd01dd\"><img loading=\"lazy\" decoding=\"async\" src=\"https:\/\/ads.balkanweb.com\/www\/delivery\/lg.php?bannerid=0&amp;campaignid=0&amp;zoneid=426&amp;loc=https%3A%2F%2Fbalkanweb.com%2Frama-pas-takimit-me-kreun-e-ke-tusk-avokat-i-procesit-te-integrimit-erdhi-per-te-dhene-nje-mesazh%2F&amp;referer=https%3A%2F%2Fbalkanweb.com%2Fkategoria%2Fshqiperia%2F&amp;cb=9e3ccd01dd\" alt=\"\" width=\"0\" height=\"0\" \/><\/div>\n<p><\/ins><\/div>\n<p>Duke i akorduar Presidentit t\u00eb KE \u201cYllin e Madh t\u00eb Mir\u00ebnjohjes\u201d, si shenj\u00eb vler\u00ebsimi p\u00ebr pun\u00ebn e tij n\u00eb procesin e integrimit, Rama tha se ai ndodhet n\u00eb Shqip\u00ebri p\u00ebr t\u00eb dh\u00ebn\u00eb nj\u00eb mesazh p\u00ebr t\u00eb gjith\u00eb qytetar\u00ebt shqiptar\u00eb.<\/p>\n<p>\u201cP\u00ebrtej t\u00eb zakonshmes, jam shum\u00eb mir\u00ebnjoh\u00ebs p\u00ebr vizit\u00ebn e Presidentit Tusk, i cili rikthehet n\u00eb Shqip\u00ebri dhe \u00ebsht\u00eb sot k\u00ebtu n\u00eb funksion t\u00eb asaj q\u00eb ka qen\u00eb nj\u00eb prej pikave t\u00eb pal\u00ebvizshme t\u00eb lidershipit t\u00eb tij, procesi i integrimit t\u00eb Ballkanit Per\u00ebndimor n\u00eb BE. Nga ana tjet\u00ebr, m\u00eb vjen mir\u00eb q\u00eb sot pata ta fal\u00ebnderoj Tusk p\u00ebr gjith\u00e7ka ka b\u00ebr\u00eb dhe gjithashtu t\u00eb ndaj me t\u00eb nj\u00eb moment t\u00eb ve\u00e7ant\u00eb p\u00ebr ne, duke i akorduar \u201cYllin e Madh t\u00eb Mir\u00ebnjohjes\u201d dhe duke ndar\u00eb disa momente t\u00eb r\u00ebnd\u00ebsishme jo vet\u00ebm simbolikisht n\u00eb historin\u00eb e p\u00ebrbashk\u00ebt mes dy vendeve.<\/p>\n<p>M\u00eb vjen mir\u00eb ta n\u00ebnvizoj edhe qart\u00ebsin\u00eb n\u00eb t\u00eb cil\u00ebn presidenti Tusk \u00ebsht\u00eb shprehur gjithnj\u00eb n\u00eb k\u00ebt\u00eb proces dhe pa diskutim t\u00eb \u00e7moj para t\u00eb gjith\u00ebve p\u00ebrpjekjet konstante si nj\u00eb avokat i procesit t\u00eb zgjerimit dhe t\u00eb afrimit t\u00eb m\u00ebtejsh\u00ebm t\u00eb Shqip\u00ebris\u00eb dhe Maqedonis\u00eb s\u00eb Veriut n\u00eb BE. Sot m\u00eb e r\u00ebnd\u00ebsishme p\u00ebr qytetar\u00ebt tan\u00eb \u00ebsht\u00eb t\u00eb d\u00ebgjojn\u00eb \u00e7far\u00eb ka p\u00ebr t\u00eb th\u00ebn\u00eb Presidenti Tusk, i cili \u00ebsht\u00eb k\u00ebtu p\u00ebr t\u00eb folur p\u00ebr ta dhe p\u00ebr t\u00eb dh\u00ebn\u00eb nj\u00eb mesazh p\u00ebr ta\u201d, tha Rama.<\/p>\n","protected":false},"excerpt":{"rendered":"<p>Kryeministri Edi Rama ka dal\u00eb n\u00eb nj\u00eb konferenc\u00eb p\u00ebr media s\u00eb bashku me Presidentin e K\u00ebshillit Evropian, Donald Tusk, i cili ndodhet n\u00eb Tiran\u00eb p\u00ebr procesin e integrimit t\u00eb Shqip\u00ebris\u00eb n\u00eb BE. N\u00eb fjal\u00ebn e tij, kreu i qeveris\u00eb shqiptare e cil\u00ebsoi Tusk si avokat t\u00eb procesit t\u00eb zgjerimit dhe afrimit t\u00eb m\u00ebtejsh\u00ebm t\u00eb Shqip\u00ebris\u00eb [&hellip;]<\/p>\n","protected":false},"author":2013,"featured_media":107417,"comment_status":"open","ping_status":"closed","sticky":false,"template":"","format":"standard","meta":{"footnotes":""},"categories":[241,235],"tags":[],"class_list":{"0":"post-107416","1":"post","2":"type-post","3":"status-publish","4":"format-standard","5":"has-post-thumbnail","7":"category-aktualitet","8":"category-vendi"},"_links":{"self":[{"href":"https:\/\/zjarr.tv\/sq\/wp-json\/wp\/v2\/posts\/107416","targetHints":{"allow":["GET"]}}],"collection":[{"href":"https:\/\/zjarr.tv\/sq\/wp-json\/wp\/v2\/posts"}],"about":[{"href":"https:\/\/zjarr.tv\/sq\/wp-json\/wp\/v2\/types\/post"}],"author":[{"embeddable":true,"href":"https:\/\/zjarr.tv\/sq\/wp-json\/wp\/v2\/users\/2013"}],"replies":[{"embeddable":true,"href":"https:\/\/zjarr.tv\/sq\/wp-json\/wp\/v2\/comments?post=107416"}],"version-history":[{"count":0,"href":"https:\/\/zjarr.tv\/sq\/wp-json\/wp\/v2\/posts\/107416\/revisions"}],"wp:featuredmedia":[{"embeddable":true,"href":"https:\/\/zjarr.tv\/sq\/wp-json\/wp\/v2\/media\/107417"}],"wp:attachment":[{"href":"https:\/\/zjarr.tv\/sq\/wp-json\/wp\/v2\/media?parent=107416"}],"wp:term":[{"taxonomy":"category","embeddable":true,"href":"https:\/\/zjarr.tv\/sq\/wp-json\/wp\/v2\/categories?post=107416"},{"taxonomy":"post_tag","embeddable":true,"href":"https:\/\/zjarr.tv\/sq\/wp-json\/wp\/v2\/tags?post=107416"}],"curies":[{"name":"wp","href":"https:\/\/api.w.org\/{rel}","templated":true}]}}