{"id":107470,"date":"2019-09-17T16:43:02","date_gmt":"2019-09-17T14:43:02","guid":{"rendered":"https:\/\/zjarr.tv\/?p=107470"},"modified":"2019-09-17T16:43:02","modified_gmt":"2019-09-17T14:43:02","slug":"nje-muaj-pas-shkarkimit-te-gentian-osmanit-klp-shpall-vakancen-kush-jane-dy-prokuroret-ne-gare","status":"publish","type":"post","link":"https:\/\/zjarr.tv\/sq\/nje-muaj-pas-shkarkimit-te-gentian-osmanit-klp-shpall-vakancen-kush-jane-dy-prokuroret-ne-gare\/","title":{"rendered":"Nj\u00eb muaj pas shkarkimit t\u00eb Gentian Osmanit, KLP shpall vakanc\u00ebn, kush jan\u00eb dy prokuror\u00ebt n\u00eb gar\u00eb"},"content":{"rendered":"<p>Esmeralda Keshi Cami dhe Vladimir Mara jan\u00eb dy prokuror\u00ebt q\u00eb garojn\u00eb p\u00ebr vendin vacant n\u00eb K\u00ebshillin e Lart\u00eb t\u00eb Prokuroris\u00eb. Vakanca n\u00eb qeverin\u00eb e prokuror\u00ebve u krijua pas shkarkimit t\u00eb Gentian Osmanit nga Kolegji i Posac\u00ebm i Apelimit, n\u00eb kuad\u00ebr t\u00eb procesit t\u00eb vettingut.<\/p>\n<div id=\"sovrn\" class=\"desktop_ad ad_bottom_space\"><ins><\/p>\n<div id=\"beacon_1ed2625f7a\"><\/div>\n<p><\/ins><\/div>\n<p>Me gati nj\u00eb muaj vones, Kryeprokurorja e P\u00ebrkohshme Arta Marku shpalli thirrjen e interesit, duke u l\u00ebn\u00eb 15 dit\u00eb koh\u00eb prokuror\u00ebve t\u00eb paraqisnin kandidaturat. Afati ligjor p\u00ebrfundoi n\u00eb or\u00ebn 16:00 t\u00eb s\u00eb mart\u00ebs nga ku rezultoi se n\u00eb gar\u00eb jan\u00eb ish drejtuesja e prokuroris\u00eb s\u00eb Dib\u00ebr, e cila u p\u00ebrplas me Arta Makun p\u00ebr dosjen 184 dhe prokurori i dosjes tjet\u00ebr t\u00eb shum\u00ebdiskutuar 339, Vladimir Mara.<\/p>\n<p>Sipas ligjit, kryeprokurorja e p\u00ebrkohshme duhet t\u00eb th\u00ebrras\u00eb Asamblen\u00eb e P\u00ebrgjithshme t\u00eb Prokuror\u00ebve, p\u00ebr votimin e dy kandidat\u00ebve. Zgjedhja e an\u00ebtarit t\u00eb 11 t\u00eb K\u00ebshillit, vjen n\u00eb koh\u00ebn kur ky institicion pritet t\u00eb th\u00ebrras\u00eb n\u00eb interviste dhe t\u00eb b\u00ebj\u00eb pik\u00ebzimin e kandidat\u00ebve p\u00ebr prokuror t\u00eb P\u00ebrgjithsh\u00ebm me mandat kushtetues.<\/p>\n","protected":false},"excerpt":{"rendered":"<p>Esmeralda Keshi Cami dhe Vladimir Mara jan\u00eb dy prokuror\u00ebt q\u00eb garojn\u00eb p\u00ebr vendin vacant n\u00eb K\u00ebshillin e Lart\u00eb t\u00eb Prokuroris\u00eb. Vakanca n\u00eb qeverin\u00eb e prokuror\u00ebve u krijua pas shkarkimit t\u00eb Gentian Osmanit nga Kolegji i Posac\u00ebm i Apelimit, n\u00eb kuad\u00ebr t\u00eb procesit t\u00eb vettingut. Me gati nj\u00eb muaj vones, Kryeprokurorja e P\u00ebrkohshme Arta Marku shpalli [&hellip;]<\/p>\n","protected":false},"author":2013,"featured_media":107472,"comment_status":"open","ping_status":"closed","sticky":false,"template":"","format":"standard","meta":{"footnotes":""},"categories":[241,235],"tags":[],"class_list":{"0":"post-107470","1":"post","2":"type-post","3":"status-publish","4":"format-standard","5":"has-post-thumbnail","7":"category-aktualitet","8":"category-vendi"},"_links":{"self":[{"href":"https:\/\/zjarr.tv\/sq\/wp-json\/wp\/v2\/posts\/107470","targetHints":{"allow":["GET"]}}],"collection":[{"href":"https:\/\/zjarr.tv\/sq\/wp-json\/wp\/v2\/posts"}],"about":[{"href":"https:\/\/zjarr.tv\/sq\/wp-json\/wp\/v2\/types\/post"}],"author":[{"embeddable":true,"href":"https:\/\/zjarr.tv\/sq\/wp-json\/wp\/v2\/users\/2013"}],"replies":[{"embeddable":true,"href":"https:\/\/zjarr.tv\/sq\/wp-json\/wp\/v2\/comments?post=107470"}],"version-history":[{"count":0,"href":"https:\/\/zjarr.tv\/sq\/wp-json\/wp\/v2\/posts\/107470\/revisions"}],"wp:featuredmedia":[{"embeddable":true,"href":"https:\/\/zjarr.tv\/sq\/wp-json\/wp\/v2\/media\/107472"}],"wp:attachment":[{"href":"https:\/\/zjarr.tv\/sq\/wp-json\/wp\/v2\/media?parent=107470"}],"wp:term":[{"taxonomy":"category","embeddable":true,"href":"https:\/\/zjarr.tv\/sq\/wp-json\/wp\/v2\/categories?post=107470"},{"taxonomy":"post_tag","embeddable":true,"href":"https:\/\/zjarr.tv\/sq\/wp-json\/wp\/v2\/tags?post=107470"}],"curies":[{"name":"wp","href":"https:\/\/api.w.org\/{rel}","templated":true}]}}