{"id":107558,"date":"2019-09-18T14:29:08","date_gmt":"2019-09-18T12:29:08","guid":{"rendered":"https:\/\/zjarr.tv\/?p=107558"},"modified":"2019-09-18T14:29:08","modified_gmt":"2019-09-18T12:29:08","slug":"denoncimi-perdoremi-per-qejfet-e-te-medhenjve-ja-cfare-po-ndodh-tek-hetimi-tatimor","status":"publish","type":"post","link":"https:\/\/zjarr.tv\/sq\/denoncimi-perdoremi-per-qejfet-e-te-medhenjve-ja-cfare-po-ndodh-tek-hetimi-tatimor\/","title":{"rendered":"Denoncimi\/ P\u00ebrdoremi p\u00ebr qejfet e t\u00eb m\u00ebdhenjve, ja \u00e7far\u00eb po ndodh tek Hetimi Tatimor\u2026"},"content":{"rendered":"<p><strong>Nga Renato Osmani\/<\/strong><\/p>\n<p>Un\u00eb jam nj\u00eb punonj\u00ebs i administrat\u00ebs tatimore, ne sektorin e Hetimit Tatimor.\u00a0Pas nj\u00eb raskapitje me ne si sektor q\u00eb p\u00ebrdoremi p\u00ebr porosi dhe p\u00ebr qefet e t\u00eb m\u00ebdhenj\u00ebve kur nuk marrim sherbimin e duhur n\u00eb ndonj\u00eb lokal apo resort duhet t\u00eb shkojme n\u00eb p\u00ebr ti vendosur gjob\u00eb ose presion.<\/p>\n<p>Pra pas p\u00ebrfudmit t\u00eb aksionit informalitet jemi kthyer n\u00eb zyr\u00eb dhe ditet e fundit kemi nj\u00eb presion shum\u00eb t\u00eb madh direkt nga Drejtoresha sepse po na k\u00ebrc\u00ebnon direkt me vendin e pun\u00ebs q\u00eb do ket\u00eb l\u00ebvijze heqje masive etj\u2026 dhe n.q.s do rrish n\u00eb pun\u00eb duhet t\u00eb ndjekesh porosit\u00eb e disa njer\u00ebzeve q\u00eb kan\u00eb ardhur nga INSTAT dhe q\u00eb nuk jan\u00eb t\u00eb em\u00ebruar n\u00eb Tatime.<\/p>\n<p>K\u00ebta japin porosi p\u00ebr \u00e7far\u00eb duhet t\u00eb b\u00ebr\u00eb por me e r\u00ebnd\u00ebsishmja \u00ebsht\u00eb p\u00ebr tre inspektor t\u00eb Hetimit i bejn\u00eb shantazh me video dhe nqs nuk i japin 50 mij\u00eb nga secilit nuk do rrin\u00eb m\u00eb n\u00eb pun\u00eb&#8230;.ose i \u00ebsht\u00eb th\u00ebn\u00eb q\u00eb n.q.s ke lidhje ose i gjen fijet Vali Bizhg\u00ebs mund t\u00eb rrish n\u00eb pun\u00eb, sepse zonjen e tatimeve Delinda Ibarhimi \u00ebsht\u00eb vendosur n\u00eb pun\u00eb nga Vali Bizhga dhe momentalisht ajo b\u00ebn ligjin n\u00eb tatime.<\/p>\n","protected":false},"excerpt":{"rendered":"<p>Nga Renato Osmani\/ Un\u00eb jam nj\u00eb punonj\u00ebs i administrat\u00ebs tatimore, ne sektorin e Hetimit Tatimor.\u00a0Pas nj\u00eb raskapitje me ne si sektor q\u00eb p\u00ebrdoremi p\u00ebr porosi dhe p\u00ebr qefet e t\u00eb m\u00ebdhenj\u00ebve kur nuk marrim sherbimin e duhur n\u00eb ndonj\u00eb lokal apo resort duhet t\u00eb shkojme n\u00eb p\u00ebr ti vendosur gjob\u00eb ose presion. Pra pas p\u00ebrfudmit [&hellip;]<\/p>\n","protected":false},"author":2013,"featured_media":107561,"comment_status":"open","ping_status":"closed","sticky":false,"template":"","format":"standard","meta":{"footnotes":""},"categories":[241,235],"tags":[],"class_list":{"0":"post-107558","1":"post","2":"type-post","3":"status-publish","4":"format-standard","5":"has-post-thumbnail","7":"category-aktualitet","8":"category-vendi"},"_links":{"self":[{"href":"https:\/\/zjarr.tv\/sq\/wp-json\/wp\/v2\/posts\/107558","targetHints":{"allow":["GET"]}}],"collection":[{"href":"https:\/\/zjarr.tv\/sq\/wp-json\/wp\/v2\/posts"}],"about":[{"href":"https:\/\/zjarr.tv\/sq\/wp-json\/wp\/v2\/types\/post"}],"author":[{"embeddable":true,"href":"https:\/\/zjarr.tv\/sq\/wp-json\/wp\/v2\/users\/2013"}],"replies":[{"embeddable":true,"href":"https:\/\/zjarr.tv\/sq\/wp-json\/wp\/v2\/comments?post=107558"}],"version-history":[{"count":0,"href":"https:\/\/zjarr.tv\/sq\/wp-json\/wp\/v2\/posts\/107558\/revisions"}],"wp:featuredmedia":[{"embeddable":true,"href":"https:\/\/zjarr.tv\/sq\/wp-json\/wp\/v2\/media\/107561"}],"wp:attachment":[{"href":"https:\/\/zjarr.tv\/sq\/wp-json\/wp\/v2\/media?parent=107558"}],"wp:term":[{"taxonomy":"category","embeddable":true,"href":"https:\/\/zjarr.tv\/sq\/wp-json\/wp\/v2\/categories?post=107558"},{"taxonomy":"post_tag","embeddable":true,"href":"https:\/\/zjarr.tv\/sq\/wp-json\/wp\/v2\/tags?post=107558"}],"curies":[{"name":"wp","href":"https:\/\/api.w.org\/{rel}","templated":true}]}}