{"id":107564,"date":"2019-09-18T14:51:23","date_gmt":"2019-09-18T12:51:23","guid":{"rendered":"https:\/\/zjarr.tv\/?p=107564"},"modified":"2019-09-18T14:51:23","modified_gmt":"2019-09-18T12:51:23","slug":"ligji-i-pronave-u-dergua-ne-venecia-i-manipuluar-nga-rilindja-ja-ku-gjendet-origjinali","status":"publish","type":"post","link":"https:\/\/zjarr.tv\/sq\/ligji-i-pronave-u-dergua-ne-venecia-i-manipuluar-nga-rilindja-ja-ku-gjendet-origjinali\/","title":{"rendered":"&#8216;Ligji i Pronave u d\u00ebrgua n\u00eb Venecia i manipuluar nga Rilindja, ja ku gjendet origjinali&#8217;"},"content":{"rendered":"<p><strong>Nga Bujar Nishani.<\/strong><\/p>\n<p>Media njofton se p\u00ebrfaq\u00ebsues t\u00eb Komisionit t\u00eb Venecias do t\u00eb vizitojn\u00eb Shqip\u00ebrin\u00eb n\u00eb lidhje me Ligjin e Pronave!<\/p>\n<p>Ligji i Qeveris\u00eb s\u00eb ish-stalinist\u00ebve shqiptar\u00eb, sot rilind\u00ebsit, n\u00eb fakt \u00ebsht\u00eb nj\u00eb variant modern i rikonfiskimit t\u00eb pronave t\u00eb sekuestruara nga et\u00ebrit e bijve dhe ka shum\u00eb \u00e7\u00ebshtje q\u00eb Komisioni i Venecias mund t\u00eb hulumtoj\u00eb. Por p\u00ebrve\u00e7 tyre, po ju kujtoj\u00eb ekspert\u00ebve t\u00eb Venecias vet\u00ebm nj\u00eb \u00e7\u00ebshtje e cila p\u00ebrb\u00ebn skandalin formal t\u00eb pro\u00e7esit t\u00eb rikonfiskimit t\u00eb pronave n\u00eb Shqip\u00ebri.<br \/>\nVenecia le t\u00eb k\u00ebrkoj\u00eb dhe verifikoj\u00eb korrespondenc\u00ebn dhe p\u00ebrmbajtjen e varianteve t\u00eb d\u00ebrguara nga Gjykata Kushtetuese n\u00eb Komisionin e Venecias dhe variantin origjinal t\u00eb d\u00ebrguar nga Parlamenti tek Presidenti p\u00ebr dekretim! Varianti i d\u00ebrguar n\u00eb Venecia \u00ebsht\u00eb i mang\u00ebt dhe i manipuluar, kryesisht relacioni.<\/p>\n<div id=\"rekl-13\">\n<div id=\"__sap-ad-15\" class=\"__sap-ads __sap-html tracked\" data-title=\"Credins desktop 08\"><ins><\/p>\n<div id=\"beacon_76c5181401\"><img loading=\"lazy\" decoding=\"async\" src=\"https:\/\/ads1.medium.al\/www\/delivery\/lg.php?bannerid=373&amp;campaignid=48&amp;zoneid=182&amp;loc=https%3A%2F%2Fwww.syri.net%2Fpolitike%2F281287%2Fligji-i-pronave-u-dergua-ne-venecia-i-manipuluar-nga-rilindja-ja-ku-gjendet-origjinali%2F&amp;referer=https%3A%2F%2Fwww.syri.net%2Flajme%2F&amp;cb=76c5181401\" alt=\"\" width=\"0\" height=\"0\" \/><\/div>\n<p><\/ins><\/div>\n<\/div>\n<p>Dokumentacioni dhe korrespondenca e shqyrtimit kushtetues \u00ebsht\u00eb e\u00a0plot\u00eb n\u00eb institucionin e Presidentit t\u00eb Republik\u00ebs ashtu edhe n\u00eb Gjykat\u00ebn Kushtetuese.<\/p>\n<p>Venecia, le ta nis\u00eb me k\u00ebt\u00eb \u00e7\u00ebshtje verifikimin dhe kuptimin e grabitjes dhe dhunimit t\u00eb ri t\u00eb s\u00eb drejt\u00ebs fondamentale t\u00eb njeriut n\u00eb Shqip\u00ebri, pron\u00ebn.<\/p>\n","protected":false},"excerpt":{"rendered":"<p>Nga Bujar Nishani. Media njofton se p\u00ebrfaq\u00ebsues t\u00eb Komisionit t\u00eb Venecias do t\u00eb vizitojn\u00eb Shqip\u00ebrin\u00eb n\u00eb lidhje me Ligjin e Pronave! Ligji i Qeveris\u00eb s\u00eb ish-stalinist\u00ebve shqiptar\u00eb, sot rilind\u00ebsit, n\u00eb fakt \u00ebsht\u00eb nj\u00eb variant modern i rikonfiskimit t\u00eb pronave t\u00eb sekuestruara nga et\u00ebrit e bijve dhe ka shum\u00eb \u00e7\u00ebshtje q\u00eb Komisioni i Venecias mund t\u00eb [&hellip;]<\/p>\n","protected":false},"author":2013,"featured_media":54908,"comment_status":"open","ping_status":"closed","sticky":false,"template":"","format":"standard","meta":{"footnotes":""},"categories":[241,235],"tags":[],"class_list":{"0":"post-107564","1":"post","2":"type-post","3":"status-publish","4":"format-standard","5":"has-post-thumbnail","7":"category-aktualitet","8":"category-vendi"},"_links":{"self":[{"href":"https:\/\/zjarr.tv\/sq\/wp-json\/wp\/v2\/posts\/107564","targetHints":{"allow":["GET"]}}],"collection":[{"href":"https:\/\/zjarr.tv\/sq\/wp-json\/wp\/v2\/posts"}],"about":[{"href":"https:\/\/zjarr.tv\/sq\/wp-json\/wp\/v2\/types\/post"}],"author":[{"embeddable":true,"href":"https:\/\/zjarr.tv\/sq\/wp-json\/wp\/v2\/users\/2013"}],"replies":[{"embeddable":true,"href":"https:\/\/zjarr.tv\/sq\/wp-json\/wp\/v2\/comments?post=107564"}],"version-history":[{"count":0,"href":"https:\/\/zjarr.tv\/sq\/wp-json\/wp\/v2\/posts\/107564\/revisions"}],"wp:featuredmedia":[{"embeddable":true,"href":"https:\/\/zjarr.tv\/sq\/wp-json\/wp\/v2\/media\/54908"}],"wp:attachment":[{"href":"https:\/\/zjarr.tv\/sq\/wp-json\/wp\/v2\/media?parent=107564"}],"wp:term":[{"taxonomy":"category","embeddable":true,"href":"https:\/\/zjarr.tv\/sq\/wp-json\/wp\/v2\/categories?post=107564"},{"taxonomy":"post_tag","embeddable":true,"href":"https:\/\/zjarr.tv\/sq\/wp-json\/wp\/v2\/tags?post=107564"}],"curies":[{"name":"wp","href":"https:\/\/api.w.org\/{rel}","templated":true}]}}