{"id":107569,"date":"2019-09-18T15:01:52","date_gmt":"2019-09-18T13:01:52","guid":{"rendered":"https:\/\/zjarr.tv\/?p=107569"},"modified":"2019-09-18T15:01:52","modified_gmt":"2019-09-18T13:01:52","slug":"spiune-edhe-per-biznesin-rama-paralajmeron-tatimoret-dhe-administraten","status":"publish","type":"post","link":"https:\/\/zjarr.tv\/sq\/spiune-edhe-per-biznesin-rama-paralajmeron-tatimoret-dhe-administraten\/","title":{"rendered":"Spiun\u00eb edhe p\u00ebr biznesin, Rama paralajm\u00ebron tatimor\u00ebt dhe administrat\u00ebn"},"content":{"rendered":"<p>Nj\u00eb dit\u00eb pasi nxiti student\u00ebt m\u00eb shp\u00ebrblim p\u00ebr t\u00eb denoncuar korrupsionin ne universitete, kryeministri Edi Rama paralajm\u00ebroi se edhe tatimor\u00ebt q\u00eb do t\u00eb kapen n\u00eb abuzim do t\u00eb nd\u00ebshkohen. Qeveria po punon p\u00ebr nj\u00eb plan nxitje, p\u00ebr luft\u00ebn kund\u00ebr korrupsionit edhe n\u00eb sektorin ekonomik.<\/p>\n<p><strong>Rama:<\/strong>\u00a0<em>S\u00eb shpejti do t\u00eb b\u00ebjm\u00eb publike masat e reja ku \u00e7do biznes, duke filluar nga biznesi i vog\u00ebl q\u00eb \u00ebsht\u00eb shpesh her\u00eb objekt i presioneve korruptive dhe duke menduar q\u00eb ta incetivojm\u00eb biznesin e vog\u00ebl p\u00ebr t\u00eb denoncuar dhe p\u00ebr t\u00eb v\u00ebn\u00eb me shpatulla pas murrit \u00e7do lloj personazhi q\u00eb vjen tek dyqani dhe b\u00ebn presion apo shqet\u00ebson duke shkelur etik\u00ebn dhe duke kaluar p\u00ebrtej ligjit.<\/em><\/p>\n<p>Rama p\u00ebrs\u00ebriti thirrjen drejtuar administrat\u00ebs q\u00eb t\u00eb tregohen t\u00eb kujdessh\u00ebm n\u00eb ofrimin e sh\u00ebrbimit p\u00ebr qytetar\u00ebt.<\/p>\n<p><strong>Rama:<\/strong>\u00a0<em>Mesazhi q\u00eb duhen t\u00eb marrin t\u00eb gjith\u00eb \u00ebsht\u00eb q\u00eb me platform\u00ebn \u00e7do qytetar, dikush q\u00eb deri dje je m\u00ebsuar ta trajtosh si leck\u00eb p\u00ebr turpin t\u00ebnd, mund t\u00eb t\u00eb marr\u00eb n\u00eb qaf\u00eb.\u00a0<\/em><\/p>\n<p>K\u00ebto deklarata Rama i \u00a0b\u00ebri n\u00eb takimin p\u00ebrjavsh\u00ebm p\u00ebr platform\u00ebn e bashk\u00ebqeverisjes. Sipas kryeministrit, jan\u00eb mbi 800 persona nga drejtor\u00eb n\u00eb specialist\u00eb q\u00eb kan\u00eb marr\u00eb masa nd\u00ebshkimore, nga ndjekjet penale te paralajm\u00ebrimet p\u00ebr pushime nga puna, sepse ka rezultuar se i kan\u00eb zvarritur qytetar\u00ebt.<\/p>\n","protected":false},"excerpt":{"rendered":"<p>Nj\u00eb dit\u00eb pasi nxiti student\u00ebt m\u00eb shp\u00ebrblim p\u00ebr t\u00eb denoncuar korrupsionin ne universitete, kryeministri Edi Rama paralajm\u00ebroi se edhe tatimor\u00ebt q\u00eb do t\u00eb kapen n\u00eb abuzim do t\u00eb nd\u00ebshkohen. Qeveria po punon p\u00ebr nj\u00eb plan nxitje, p\u00ebr luft\u00ebn kund\u00ebr korrupsionit edhe n\u00eb sektorin ekonomik. Rama:\u00a0S\u00eb shpejti do t\u00eb b\u00ebjm\u00eb publike masat e reja ku \u00e7do [&hellip;]<\/p>\n","protected":false},"author":2013,"featured_media":107571,"comment_status":"open","ping_status":"closed","sticky":false,"template":"","format":"standard","meta":{"footnotes":""},"categories":[241,235],"tags":[],"class_list":{"0":"post-107569","1":"post","2":"type-post","3":"status-publish","4":"format-standard","5":"has-post-thumbnail","7":"category-aktualitet","8":"category-vendi"},"_links":{"self":[{"href":"https:\/\/zjarr.tv\/sq\/wp-json\/wp\/v2\/posts\/107569","targetHints":{"allow":["GET"]}}],"collection":[{"href":"https:\/\/zjarr.tv\/sq\/wp-json\/wp\/v2\/posts"}],"about":[{"href":"https:\/\/zjarr.tv\/sq\/wp-json\/wp\/v2\/types\/post"}],"author":[{"embeddable":true,"href":"https:\/\/zjarr.tv\/sq\/wp-json\/wp\/v2\/users\/2013"}],"replies":[{"embeddable":true,"href":"https:\/\/zjarr.tv\/sq\/wp-json\/wp\/v2\/comments?post=107569"}],"version-history":[{"count":0,"href":"https:\/\/zjarr.tv\/sq\/wp-json\/wp\/v2\/posts\/107569\/revisions"}],"wp:featuredmedia":[{"embeddable":true,"href":"https:\/\/zjarr.tv\/sq\/wp-json\/wp\/v2\/media\/107571"}],"wp:attachment":[{"href":"https:\/\/zjarr.tv\/sq\/wp-json\/wp\/v2\/media?parent=107569"}],"wp:term":[{"taxonomy":"category","embeddable":true,"href":"https:\/\/zjarr.tv\/sq\/wp-json\/wp\/v2\/categories?post=107569"},{"taxonomy":"post_tag","embeddable":true,"href":"https:\/\/zjarr.tv\/sq\/wp-json\/wp\/v2\/tags?post=107569"}],"curies":[{"name":"wp","href":"https:\/\/api.w.org\/{rel}","templated":true}]}}