{"id":107573,"date":"2019-09-18T15:07:47","date_gmt":"2019-09-18T13:07:47","guid":{"rendered":"https:\/\/zjarr.tv\/?p=107573"},"modified":"2019-09-18T15:07:47","modified_gmt":"2019-09-18T13:07:47","slug":"shqiperia-merr-drejtimin-e-sedm-xhacka-dyer-te-hapura-per-nje-rajon-me-te-sigurt","status":"publish","type":"post","link":"https:\/\/zjarr.tv\/sq\/shqiperia-merr-drejtimin-e-sedm-xhacka-dyer-te-hapura-per-nje-rajon-me-te-sigurt\/","title":{"rendered":"Shqip\u00ebria merr drejtimin e SEDM, Xha\u00e7ka: Dyer t\u00eb hapura p\u00ebr nj\u00eb rajon m\u00eb t\u00eb sigurt"},"content":{"rendered":"<p><em>Ministrja e Mbrojtjes, Olta Xha\u00e7ka, deklaroi para p\u00ebrfaq\u00ebsuesve t\u00eb Komitetit Drejtues Politiko-Ushtarak se politika e dyerve t\u00eb hapura forcon sigurin\u00eb rajonale dhe \u00a0at\u00eb nd\u00ebrkomb\u00ebtare. N\u00eb mbledhjen e mbajtur n\u00eb kryeqytet, Xha\u00e7ka n\u00ebnvizoi rolin e Shqip\u00ebris\u00eb n\u00eb integrimin euro &#8211; atlantik t\u00ebvendeve t\u00eb rajonit.<\/em><\/p>\n<p>N\u00eb mbledhjen e par\u00eb t\u00eb Komitetit Drejtues Politiko-Ushtarak, q\u00eb u mbajt n\u00eb Tiran\u00eb, ministrja e Mbrojtjes Olta Xha\u00e7ka foli p\u00ebr nj\u00eb politik\u00eb me dyer t\u00eb hapura, q\u00eb do t\u2019i jap\u00eb m\u00eb shum\u00eb siguri rajonit. Takimi vjen vet\u00ebm pak dit\u00eb pasi Shqip\u00ebria mori drejtimin e SEDM-s\u00eb.<\/p>\n<p><em>\u00a0\u201cPolitika e dyerve t\u00eb hapura do t\u2019i jap\u00eb nj\u00eb frym\u00ebmarrje t\u00eb re nismave rajonale. Zhvillimet n\u00eb Ballkanin Per\u00ebndimor jan\u00eb tregues i mir\u00eb se si ky bashk\u00ebpunim, me p\u00ebrfshirjen e NATO dhe Bashkimit Europian mund t\u00eb ndikoj\u00eb n\u00eb stabilitet dhe nd\u00ebrtimin e shoq\u00ebrive moderne e paq\u00ebsore. \u00cbsht\u00eb koha e duhur, q\u00eb t\u00eb nj\u00ebjt\u00ebn mund\u00ebsi ta shtrijm\u00eb edhe n\u00eb vende t\u00eb tjera aspiruese n\u00eb rajon, p\u00ebr t\u00eb forcuar k\u00ebshtu sigurin\u00eb rajonale dhe nd\u00ebrkomb\u00ebtare\u201d,<\/em>\u00a0tha Xha\u00e7ka.<\/p>\n<p>Por Shqip\u00ebria k\u00ebt\u00eb vit \u00ebsht\u00eb n\u00eb krye edhe t\u00eb nj\u00eb tjet\u00ebr nisme rajonale, Ministerialit t\u00eb Kart\u00ebs \u00a0SHBA &#8211; Adriatik \u00a0apo si\u00e7 njihet ndryshe A5.<\/p>\n<p>Fokusi do t\u00eb jet\u00eb forcimi i m\u00ebtejsh\u00ebm i koordinimit dhe mb\u00ebshtetjes reciproke, ve\u00e7an\u00ebrisht me Shtetet e Bashkuara, n\u00eb luft\u00ebn aktive dhe me efektivitet kund\u00ebr terrorizmit dhe ekstremizmit t\u00eb dhunsh\u00ebm.<\/p>\n","protected":false},"excerpt":{"rendered":"<p>Ministrja e Mbrojtjes, Olta Xha\u00e7ka, deklaroi para p\u00ebrfaq\u00ebsuesve t\u00eb Komitetit Drejtues Politiko-Ushtarak se politika e dyerve t\u00eb hapura forcon sigurin\u00eb rajonale dhe \u00a0at\u00eb nd\u00ebrkomb\u00ebtare. N\u00eb mbledhjen e mbajtur n\u00eb kryeqytet, Xha\u00e7ka n\u00ebnvizoi rolin e Shqip\u00ebris\u00eb n\u00eb integrimin euro &#8211; atlantik t\u00ebvendeve t\u00eb rajonit. N\u00eb mbledhjen e par\u00eb t\u00eb Komitetit Drejtues Politiko-Ushtarak, q\u00eb u mbajt n\u00eb [&hellip;]<\/p>\n","protected":false},"author":2013,"featured_media":107575,"comment_status":"open","ping_status":"closed","sticky":false,"template":"","format":"standard","meta":{"footnotes":""},"categories":[241,235],"tags":[],"class_list":{"0":"post-107573","1":"post","2":"type-post","3":"status-publish","4":"format-standard","5":"has-post-thumbnail","7":"category-aktualitet","8":"category-vendi"},"_links":{"self":[{"href":"https:\/\/zjarr.tv\/sq\/wp-json\/wp\/v2\/posts\/107573","targetHints":{"allow":["GET"]}}],"collection":[{"href":"https:\/\/zjarr.tv\/sq\/wp-json\/wp\/v2\/posts"}],"about":[{"href":"https:\/\/zjarr.tv\/sq\/wp-json\/wp\/v2\/types\/post"}],"author":[{"embeddable":true,"href":"https:\/\/zjarr.tv\/sq\/wp-json\/wp\/v2\/users\/2013"}],"replies":[{"embeddable":true,"href":"https:\/\/zjarr.tv\/sq\/wp-json\/wp\/v2\/comments?post=107573"}],"version-history":[{"count":0,"href":"https:\/\/zjarr.tv\/sq\/wp-json\/wp\/v2\/posts\/107573\/revisions"}],"wp:featuredmedia":[{"embeddable":true,"href":"https:\/\/zjarr.tv\/sq\/wp-json\/wp\/v2\/media\/107575"}],"wp:attachment":[{"href":"https:\/\/zjarr.tv\/sq\/wp-json\/wp\/v2\/media?parent=107573"}],"wp:term":[{"taxonomy":"category","embeddable":true,"href":"https:\/\/zjarr.tv\/sq\/wp-json\/wp\/v2\/categories?post=107573"},{"taxonomy":"post_tag","embeddable":true,"href":"https:\/\/zjarr.tv\/sq\/wp-json\/wp\/v2\/tags?post=107573"}],"curies":[{"name":"wp","href":"https:\/\/api.w.org\/{rel}","templated":true}]}}