{"id":107578,"date":"2019-09-18T15:44:20","date_gmt":"2019-09-18T13:44:20","guid":{"rendered":"https:\/\/zjarr.tv\/?p=107578"},"modified":"2019-09-18T15:44:20","modified_gmt":"2019-09-18T13:44:20","slug":"ftesa-e-osbe-per-reformen-zgjedhore-basha-shpalos-disa-kerkesa-cfare-pres-prej-saj","status":"publish","type":"post","link":"https:\/\/zjarr.tv\/sq\/ftesa-e-osbe-per-reformen-zgjedhore-basha-shpalos-disa-kerkesa-cfare-pres-prej-saj\/","title":{"rendered":"Ftesa e OSBE p\u00ebr Reform\u00ebn Zgjedhore, Basha shpalos disa k\u00ebrkesa: \u00c7far\u00eb pres prej saj"},"content":{"rendered":"<p>Kryetari i Partis\u00eb Demokratike, Lulzim Basha foli p\u00ebr ftes\u00ebn e OSBE, e cila ka ftuar partit\u00eb politik\u00eb n\u00eb nj\u00eb tryez\u00eb gjithp\u00ebrfshir\u00ebse p\u00ebr t\u00eb diskutuar p\u00ebr reform\u00ebn zgjedhore n\u00eb vend.<\/p>\n<div id=\"sovrn\" class=\"desktop_ad ad_bottom_space\"><ins><\/p>\n<div id=\"beacon_0db1d781ab\"><\/div>\n<p><\/ins><\/div>\n<p>Ai tha para gazetar\u00ebve se PD-ja nuk e pengon zgjedhjen e kriz\u00eb, duke shtuar se fajtorin p\u00ebr k\u00ebt\u00eb duhet ta gjejm\u00eb tek kryeministri i vendit. Krye demokrati, Lulzim Basha tha se pret nga OSBE, q\u00eb t\u00eb flas\u00eb p\u00ebr shkeljet e ligjit q\u00eb jan\u00eb b\u00ebr\u00eb n\u00eb Shqip\u00ebris\u00eb, por edhe p\u00ebr tre krye bashkiak\u00ebt\u00a0 e PS-s\u00eb, t\u00eb cil\u00ebt pretendohet se jan\u00eb subjekt i dekriminalizimit.<\/p>\n<p>\u201cNe iu kemi dh\u00ebn\u00eb nj\u00eb p\u00ebrgjigje\u00a0 nd\u00ebrkomb\u00ebtar\u00ebve dhe p\u00ebr fat t\u00eb keq nj\u00eb p\u00ebrgjigje ka ardhur nga Edi Rama me alibin\u00eb se do t\u00eb p\u00ebrgjigjej pas 30 qershorit, Nuk jemi ne pengesa\u00a0 p\u00ebr nj\u00eb proces p\u00ebr t\u00eb zgjidhur kriz\u00ebn, por \u00ebsht\u00eb Edi Rama, i cili nuk mund t\u00eb fshihet pas letrave\u00a0 publike dhe nuk und t\u00eb fshihet pas\u00a0 Damian Gjinkurit. Un\u00eb pres q\u00eb OSBE t\u00eb shprehet p\u00ebr shkeljet e kushtetut\u00ebs dhe t\u00eb ligjit, p\u00ebr tre\u00a0 kryabashkiak\u00ebt me probleme me ligjin. Duhet t\u00eb dilet nga ky terren problematik. K\u00ebtu ka nj\u00eb realiz\u00ebm, sepse e njohim situat\u00ebn dhe ka nj\u00eb kriz\u00eb t\u00eb thell\u00eb. Zgjidhja e saj ka interes edhe p\u00ebr integrimin e Shqip\u00ebris\u00eb n\u00eb BE\u201d-tha Basha<\/p>\n","protected":false},"excerpt":{"rendered":"<p>Kryetari i Partis\u00eb Demokratike, Lulzim Basha foli p\u00ebr ftes\u00ebn e OSBE, e cila ka ftuar partit\u00eb politik\u00eb n\u00eb nj\u00eb tryez\u00eb gjithp\u00ebrfshir\u00ebse p\u00ebr t\u00eb diskutuar p\u00ebr reform\u00ebn zgjedhore n\u00eb vend. Ai tha para gazetar\u00ebve se PD-ja nuk e pengon zgjedhjen e kriz\u00eb, duke shtuar se fajtorin p\u00ebr k\u00ebt\u00eb duhet ta gjejm\u00eb tek kryeministri i vendit. Krye [&hellip;]<\/p>\n","protected":false},"author":2013,"featured_media":62674,"comment_status":"open","ping_status":"closed","sticky":false,"template":"","format":"standard","meta":{"footnotes":""},"categories":[241,235],"tags":[],"class_list":{"0":"post-107578","1":"post","2":"type-post","3":"status-publish","4":"format-standard","5":"has-post-thumbnail","7":"category-aktualitet","8":"category-vendi"},"_links":{"self":[{"href":"https:\/\/zjarr.tv\/sq\/wp-json\/wp\/v2\/posts\/107578","targetHints":{"allow":["GET"]}}],"collection":[{"href":"https:\/\/zjarr.tv\/sq\/wp-json\/wp\/v2\/posts"}],"about":[{"href":"https:\/\/zjarr.tv\/sq\/wp-json\/wp\/v2\/types\/post"}],"author":[{"embeddable":true,"href":"https:\/\/zjarr.tv\/sq\/wp-json\/wp\/v2\/users\/2013"}],"replies":[{"embeddable":true,"href":"https:\/\/zjarr.tv\/sq\/wp-json\/wp\/v2\/comments?post=107578"}],"version-history":[{"count":0,"href":"https:\/\/zjarr.tv\/sq\/wp-json\/wp\/v2\/posts\/107578\/revisions"}],"wp:featuredmedia":[{"embeddable":true,"href":"https:\/\/zjarr.tv\/sq\/wp-json\/wp\/v2\/media\/62674"}],"wp:attachment":[{"href":"https:\/\/zjarr.tv\/sq\/wp-json\/wp\/v2\/media?parent=107578"}],"wp:term":[{"taxonomy":"category","embeddable":true,"href":"https:\/\/zjarr.tv\/sq\/wp-json\/wp\/v2\/categories?post=107578"},{"taxonomy":"post_tag","embeddable":true,"href":"https:\/\/zjarr.tv\/sq\/wp-json\/wp\/v2\/tags?post=107578"}],"curies":[{"name":"wp","href":"https:\/\/api.w.org\/{rel}","templated":true}]}}