{"id":107580,"date":"2019-09-18T15:39:13","date_gmt":"2019-09-18T13:39:13","guid":{"rendered":"https:\/\/zjarr.tv\/?p=107580"},"modified":"2019-09-18T15:39:13","modified_gmt":"2019-09-18T13:39:13","slug":"basha-i-pergjigjet-fteses-se-rames-reforma-zgjedhore-me-damian-gjiknurin-tallje-fto-shullazin-bajrin-avdylajt","status":"publish","type":"post","link":"https:\/\/zjarr.tv\/sq\/basha-i-pergjigjet-fteses-se-rames-reforma-zgjedhore-me-damian-gjiknurin-tallje-fto-shullazin-bajrin-avdylajt\/","title":{"rendered":"Basha i p\u00ebrgjigjet ftes\u00ebs s\u00eb Ram\u00ebs: Reforma Zgjedhore me Damian Gjiknurin, tallje! Fto Shullazin, Bajrin, Avdylajt"},"content":{"rendered":"<p>Kreu i Partis\u00eb Demokratike, Lulzim Basha, i \u00ebsht\u00eb p\u00ebrgjigjur ftes\u00ebs s\u00eb kryeministrit Edi Rama, i cili k\u00ebrkoi sot takim pa kushte p\u00ebr Reform\u00ebn Zgjedhore. Kreu i opozit\u00ebs tha se Reforma Zgjedhore nuk mund t\u00eb b\u00ebhet me Damian Gjiknurin, i cili \u00ebsht\u00eb pjes\u00eb e dosjes \u201c184\u201d.<\/p>\n<div id=\"sovrn\" class=\"desktop_ad ad_bottom_space\"><ins><\/p>\n<div id=\"beacon_d3fe014ed0\"><\/div>\n<p><\/ins><\/div>\n<p>Sipas Lulzim Bash\u00ebs, nj\u00eb ftes\u00eb e till\u00eb \u00ebsht\u00eb tallje dhe provokim, nd\u00ebrsa me ironi i k\u00ebrkoi Ram\u00ebs q\u00eb t\u00eb ftoj\u00eb edhe disa nga krer\u00ebt e bandave, si Emiljano Shullazin, Bajrin, Avdylajt, etj.<\/p>\n<p>Pjes\u00eb nga deklarata e Bash\u00ebs:<\/p>\n<p>Dh\u00ebnia fund kriz\u00ebs politike \u00ebsht\u00eb prioritet absolut i Shqip\u00ebris\u00eb, i PD dhe i opozit\u00ebs s\u00eb bashkuar. T\u00eb3 gjith\u00eb e dim\u00eb se k\u00ebt\u00eb kriz\u00eb nuk e ka shkaktuar kodi zgjedhor, Kushtetua dhe ligjet, pasi k\u00ebto t\u00eb fundit nuk jan\u00eb p\u00ebrgjegj\u00ebse p\u00ebr Pjetrin, Babanin, as p\u00ebr vjedhjet e votave t\u00eb 30 qershorit. Raporti i OSBE \u00ebsht\u00eb i qart\u00eb, jo vet\u00ebm m\u00eb 2019, por edhe m\u00eb 2017, 2015, ky raport hapet me korniz\u00ebn e qart\u00eb.<\/p>\n<p>Zgjidhja e plot\u00eb p\u00ebr Shqip\u00ebrin\u00eb dhe p\u00ebr lajmin pozitiv p\u00ebr integrim duhet t\u00eb vij\u00eb vet\u00ebm nga zgjidhja e kriz\u00ebs politike. Nuk mund t\u00eb fshihemi pas ftes\u00ebs, q\u00eb \u00ebsht\u00eb ajo e nj\u00eb individ, si Damian Gjiknuri, i p\u00ebrfshir\u00eb n\u00eb dosjen 184. At\u00ebher\u00eb le t\u00eb ftojn\u00eb dhe Shullazin, Bajrin, Avdylajt, sepse kjo \u00ebsht\u00eb nj\u00eb tallje, nj\u00eb provokim p\u00ebr t\u00eb gjith\u00eb shqiptar\u00ebt.<\/p>\n<p>Reforma Zgjedhore \u00ebsht\u00eb shum\u00eb e r\u00ebnd\u00ebsishme, opozita ka p\u00ebrgatitur nj\u00eb platform\u00eb p\u00ebr k\u00ebt\u00eb reform\u00eb, q\u00eb duhet t\u00eb p\u00ebrfshir\u00eb nj\u00eb transformim t\u00eb thell\u00eb politik, ku t\u00eb mos p\u00ebrs\u00ebritet kurr\u00eb m\u00eb nj\u00eb kriz\u00eb e till\u00eb. Opozita po p\u00ebrgatit platform\u00ebn e saj, q\u00eb do ta diskutoj\u00eb me gjith\u00eb grupet e interesit dhe qytetar\u00ebt shqiptar\u00eb.<\/p>\n<p>Hapi i par\u00eb p\u00ebr zgjidhjen e kriz\u00ebs duhet t\u00eb jet\u00eb pranimi i kriz\u00ebs, kjo mund t\u00eb shtoj\u00eb baz\u00ebn drejt nj\u00eb rrug\u00ebdalje nga kriza. Nj\u00eb reform\u00eb zgjedhore t\u00eb plot\u00eb, q\u00eb do ta b\u00ebj\u00eb politikanin sh\u00ebrb\u00ebtor t\u00eb interesit publik dhe jo p\u00ebrfitues t\u00eb t\u00eb mirave materiale.<\/p>\n","protected":false},"excerpt":{"rendered":"<p>Kreu i Partis\u00eb Demokratike, Lulzim Basha, i \u00ebsht\u00eb p\u00ebrgjigjur ftes\u00ebs s\u00eb kryeministrit Edi Rama, i cili k\u00ebrkoi sot takim pa kushte p\u00ebr Reform\u00ebn Zgjedhore. Kreu i opozit\u00ebs tha se Reforma Zgjedhore nuk mund t\u00eb b\u00ebhet me Damian Gjiknurin, i cili \u00ebsht\u00eb pjes\u00eb e dosjes \u201c184\u201d. Sipas Lulzim Bash\u00ebs, nj\u00eb ftes\u00eb e till\u00eb \u00ebsht\u00eb tallje dhe [&hellip;]<\/p>\n","protected":false},"author":2013,"featured_media":105672,"comment_status":"open","ping_status":"closed","sticky":false,"template":"","format":"standard","meta":{"footnotes":""},"categories":[241,235],"tags":[],"class_list":{"0":"post-107580","1":"post","2":"type-post","3":"status-publish","4":"format-standard","5":"has-post-thumbnail","7":"category-aktualitet","8":"category-vendi"},"_links":{"self":[{"href":"https:\/\/zjarr.tv\/sq\/wp-json\/wp\/v2\/posts\/107580","targetHints":{"allow":["GET"]}}],"collection":[{"href":"https:\/\/zjarr.tv\/sq\/wp-json\/wp\/v2\/posts"}],"about":[{"href":"https:\/\/zjarr.tv\/sq\/wp-json\/wp\/v2\/types\/post"}],"author":[{"embeddable":true,"href":"https:\/\/zjarr.tv\/sq\/wp-json\/wp\/v2\/users\/2013"}],"replies":[{"embeddable":true,"href":"https:\/\/zjarr.tv\/sq\/wp-json\/wp\/v2\/comments?post=107580"}],"version-history":[{"count":0,"href":"https:\/\/zjarr.tv\/sq\/wp-json\/wp\/v2\/posts\/107580\/revisions"}],"wp:featuredmedia":[{"embeddable":true,"href":"https:\/\/zjarr.tv\/sq\/wp-json\/wp\/v2\/media\/105672"}],"wp:attachment":[{"href":"https:\/\/zjarr.tv\/sq\/wp-json\/wp\/v2\/media?parent=107580"}],"wp:term":[{"taxonomy":"category","embeddable":true,"href":"https:\/\/zjarr.tv\/sq\/wp-json\/wp\/v2\/categories?post=107580"},{"taxonomy":"post_tag","embeddable":true,"href":"https:\/\/zjarr.tv\/sq\/wp-json\/wp\/v2\/tags?post=107580"}],"curies":[{"name":"wp","href":"https:\/\/api.w.org\/{rel}","templated":true}]}}