{"id":107592,"date":"2019-09-18T16:36:53","date_gmt":"2019-09-18T14:36:53","guid":{"rendered":"https:\/\/zjarr.tv\/?p=107592"},"modified":"2019-09-18T16:36:53","modified_gmt":"2019-09-18T14:36:53","slug":"zyrtare-negociatat-gjermania-9-kushte-per-shqiperine","status":"publish","type":"post","link":"https:\/\/zjarr.tv\/sq\/zyrtare-negociatat-gjermania-9-kushte-per-shqiperine\/","title":{"rendered":"Zyrtare\/ Negociatat, Gjermania 9 kushte p\u00ebr Shqip\u00ebrin\u00eb"},"content":{"rendered":"<p>Bundestagu gjerman voton me 26 shtator p\u00ebr \u00e7eljen e negociatave me Shqip\u00ebrin\u00eb.<\/p>\n<p>Dokumenti q\u00eb do t\u00eb formuloj\u00eb q\u00ebndrimin gjerman n\u00eb K\u00ebshillin e BE-s\u00eb dhe \u00ebsht\u00eb duke u finalizuar, do t\u00eb hidhet n\u00eb votim me k\u00ebrkes\u00eb t\u00eb dy grupeve parlamentare t\u00eb maxhoranc\u00ebs qeveritare, Unioni Kristdemokrat dhe Unioni Kristsocial (CDU\/CSIU) si edhe Partia Socialdemokrate.<\/p>\n<p>Aty \u00ebsht\u00eb parashikuar q\u00eb Maqedonia e Veriut t\u00eb filloj\u00eb bisedimet qysh n\u00eb janar, nd\u00ebrsa Shqip\u00ebria do t&#8217;i nis\u00eb ato vet\u00ebm kur t\u00eb plot\u00ebsohen disa kushte.<\/p>\n<p><strong>Sipas burimeve t\u00eb DW n\u00eb qarqet e grupit parlamentar CDU\/CSU, b\u00ebhet fjal\u00eb pak a shum\u00eb p\u00ebr n\u00ebnt\u00eb pika:<\/strong><\/p>\n<p><em>&#8211; funksionimi i Gjykat\u00ebs s\u00eb Lart\u00eb dhe Gjykat\u00ebs Kushtetuese<\/em><\/p>\n<p><em>&#8211; miratimi i reform\u00ebs zgjedhore;<\/em><\/p>\n<p><em>&#8211; implementimi i reform\u00ebs zgjedhore;<\/em><\/p>\n<p><em>&#8211; ndjekja penale e gjykat\u00ebsve dhe e prokuror\u00ebve q\u00eb nuk e kan\u00eb kaluar provimin e Vettingut;<\/em><\/p>\n<p><em>&#8211; ndjekja penale e akuzave p\u00ebr shitblerjen e votave;<\/em><\/p>\n<p><em>&#8211; v\u00ebnia n\u00eb pun\u00eb e prokuroris\u00eb speciale p\u00ebr luftimin e korrupsionit, SPAK,<\/em><\/p>\n<p><em>&#8211; rezultate n\u00eb luftimin e korrupsionit dhe krimit t\u00eb organizuar, p\u00ebrfshir\u00eb edhe kapja dhe ndjekja penale e personave ky\u00e7 t\u00eb krimit, t\u00eb t\u00eb ashtuquajturve \u2018peshq t\u00eb m\u00ebdhenj\u2019;<\/em><\/p>\n<p><em>&#8211; p\u00ebrparime n\u00eb reform\u00ebn e administrat\u00ebs publike;<\/em><\/p>\n<p><em>&#8211; sqarimi p\u00ebrfundimtar me vendim t\u00eb Gjykat\u00ebs Kushtetuese i ligjshm\u00ebris\u00eb s\u00eb zgjedhjeve lokale t\u00eb 30 qershorit 2019.<\/em><\/p>\n","protected":false},"excerpt":{"rendered":"<p>Bundestagu gjerman voton me 26 shtator p\u00ebr \u00e7eljen e negociatave me Shqip\u00ebrin\u00eb. Dokumenti q\u00eb do t\u00eb formuloj\u00eb q\u00ebndrimin gjerman n\u00eb K\u00ebshillin e BE-s\u00eb dhe \u00ebsht\u00eb duke u finalizuar, do t\u00eb hidhet n\u00eb votim me k\u00ebrkes\u00eb t\u00eb dy grupeve parlamentare t\u00eb maxhoranc\u00ebs qeveritare, Unioni Kristdemokrat dhe Unioni Kristsocial (CDU\/CSIU) si edhe Partia Socialdemokrate. Aty \u00ebsht\u00eb parashikuar [&hellip;]<\/p>\n","protected":false},"author":2013,"featured_media":107631,"comment_status":"open","ping_status":"closed","sticky":false,"template":"","format":"standard","meta":{"footnotes":""},"categories":[241,235],"tags":[],"class_list":{"0":"post-107592","1":"post","2":"type-post","3":"status-publish","4":"format-standard","5":"has-post-thumbnail","7":"category-aktualitet","8":"category-vendi"},"_links":{"self":[{"href":"https:\/\/zjarr.tv\/sq\/wp-json\/wp\/v2\/posts\/107592","targetHints":{"allow":["GET"]}}],"collection":[{"href":"https:\/\/zjarr.tv\/sq\/wp-json\/wp\/v2\/posts"}],"about":[{"href":"https:\/\/zjarr.tv\/sq\/wp-json\/wp\/v2\/types\/post"}],"author":[{"embeddable":true,"href":"https:\/\/zjarr.tv\/sq\/wp-json\/wp\/v2\/users\/2013"}],"replies":[{"embeddable":true,"href":"https:\/\/zjarr.tv\/sq\/wp-json\/wp\/v2\/comments?post=107592"}],"version-history":[{"count":0,"href":"https:\/\/zjarr.tv\/sq\/wp-json\/wp\/v2\/posts\/107592\/revisions"}],"wp:featuredmedia":[{"embeddable":true,"href":"https:\/\/zjarr.tv\/sq\/wp-json\/wp\/v2\/media\/107631"}],"wp:attachment":[{"href":"https:\/\/zjarr.tv\/sq\/wp-json\/wp\/v2\/media?parent=107592"}],"wp:term":[{"taxonomy":"category","embeddable":true,"href":"https:\/\/zjarr.tv\/sq\/wp-json\/wp\/v2\/categories?post=107592"},{"taxonomy":"post_tag","embeddable":true,"href":"https:\/\/zjarr.tv\/sq\/wp-json\/wp\/v2\/tags?post=107592"}],"curies":[{"name":"wp","href":"https:\/\/api.w.org\/{rel}","templated":true}]}}