{"id":107633,"date":"2019-09-18T17:04:09","date_gmt":"2019-09-18T15:04:09","guid":{"rendered":"https:\/\/zjarr.tv\/?p=107633"},"modified":"2019-09-18T17:04:09","modified_gmt":"2019-09-18T15:04:09","slug":"video-dalin-pamje-si-u-ndoq-dhe-u-ekzekutua-ish-polici-malko","status":"publish","type":"post","link":"https:\/\/zjarr.tv\/sq\/video-dalin-pamje-si-u-ndoq-dhe-u-ekzekutua-ish-polici-malko\/","title":{"rendered":"VIDEO\/ Dalin pamje, si u ndoq dhe u ekzekutua ish-polici Malko"},"content":{"rendered":"<p>Dalin pamjet e ndjekjes s\u00eb makin\u00ebs s\u00eb Santiago Malkos nga atentator\u00ebt, pak sekonda para ekzekutimit.<\/p>\n<p>26-vje\u00e7ari u q\u00ebllua me bresh\u00ebri nga xhami i pas\u00ebm i nj\u00eb Mercedes-Benz, q\u00eb e ndiqte n\u00eb rrug\u00ebn e Porcelanit. Ekzekutori m\u00eb pas u largua me nj\u00eb mjet tip Volkswagen.<\/p>\n<p>Autor\u00ebt q\u00eb ekzekutuan Santiago Malkon e ndiqnin nga nj\u00eb distanc\u00eb shum\u00eb e af\u00ebrt makin\u00ebn e tij n\u00eb momentet para atentatit.<\/p>\n<div id=\"rekl-13\">\n<div id=\"__sap-ad-15\" class=\"__sap-ads __sap-html tracked\" data-title=\"Credins desktop 08\"><ins><\/p>\n<div id=\"beacon_1287862781\"><\/div>\n<p><\/ins><\/div>\n<\/div>\n<p>Kjo duket qart\u00eb n\u00eb nj\u00eb video t\u00eb kamerave t\u00eb siguris\u00eb, q\u00eb tregon l\u00ebvizjen e t\u00eb dy automjeteve pak sekonda para vrasjes s\u00eb ish-policit Molko si edhe momentin e ekzekutimit t\u00eb tij.<\/p>\n<p>ABC News e ka siguruar ekskluzivisht k\u00ebt\u00eb video.<\/p>\n<p><iframe loading=\"lazy\" src=\"https:\/\/www.youtube.com\/embed\/yywXsxfbDFs\" width=\"863\" height=\"485\" frameborder=\"0\" allowfullscreen=\"allowfullscreen\" data-mce-fragment=\"1\"><\/iframe><\/p>\n<p>Si\u00e7 duket edhe n\u00eb pamje, ish-efektivi i policis\u00eb l\u00ebviz n\u00eb rrug\u00ebn e Porcelanit me automjetin e tij, BMW X5 ngjyr\u00eb e zez\u00eb.<\/p>\n<p>Vet\u00ebm 4 sekonda m\u00eb pas, ndodhet makina Volks\u00ebagen tip Golf e bashk\u00ebpun\u00ebtor\u00ebve n\u00eb krim q\u00eb e ndjek pas.<\/p>\n<p>Automjeti nga ku u q\u00ebllua p\u00ebr vdekje \u00ebsht\u00eb pik\u00ebrisht ky, Mercedes-Benz i zi i tip CSL.<\/p>\n<p>Ish-polici Malko ul shpejt\u00ebsin\u00eb pasi ishte duke folur n\u00eb telefon. Ai ndalon nj\u00eb zon\u00eb t\u00eb ndri\u00e7uar pran\u00eb\u00a0 nj\u00eb lavazhi ku ka edhe bar-kafe, duke mos v\u00ebn\u00eb re se ndiqej nga dy automjete nj\u00ebkoh\u00ebsisht.<\/p>\n<p>Nj\u00ebri nga atentator\u00ebt ul xhamin e pas\u00ebm t\u00eb makin\u00ebs dhe q\u00ebllon me bresh\u00ebri plumbash, duke e l\u00ebn\u00eb t\u00eb vdekur n\u00eb vend.<\/p>\n<p>Si\u00e7 duket n\u00eb video, ekzekutimi i 26-vjecarit ka krijuar panik te qytetar\u00ebt e shumt\u00eb qe ishin ato momente pran\u00eb vendit te krimit.<\/p>\n<p>Ata largohen menj\u00ebher\u00eb t\u00eb frik\u00ebsuar sapo d\u00ebgjojn\u00eb t\u00eb sht\u00ebnat e para, duke hyr\u00eb n\u00eb nj\u00eb nga lokalet n\u00eb zon\u00eb. Hetuesit dyshojn\u00eb se ekzekutimi i Santiago Malkos \u00ebsht\u00eb b\u00ebr\u00eb m\u00eb par\u00eb se vendi i parashikuar nga atentator\u00ebt, nj\u00eb zon\u00eb 100 metra m\u00eb lart\u00eb, e pandri\u00e7uar dhe pa kamera sigurie.<\/p>\n<p>Ndalimi i viktim\u00ebs n\u00eb rrug\u00eb pran\u00eb nj\u00eb lavazhi, i b\u00ebri atentator\u00ebt t\u00eb dyshojn\u00eb se, ai do t\u00eb q\u00ebndronte aty, duke i prishur planet e ekzekutimit.<\/p>\n<p>Nga k\u00ebqyrja e pamjeve filmike n\u00eb rrug\u00ebn \u2018Xhafize Keko\u2019, rezultoi se, pas krimit nj\u00eb person zbret nga dera e pasme e makin\u00ebs Mercedes-Benz dhe hip\u00ebn t\u00eb automjeti tip Golf.<\/p>\n<p>Gjurm\u00ebt e ndjekjes humbin n\u00eb drejtim t\u00eb Tufin\u00ebs, nd\u00ebrsa automjeti i zi tip Mecedes u gjet i shkrumbuar n\u00eb fshatin Ferraj, vet\u00ebm 20 minuta larg vendngjarjes.<\/p>\n<p>P\u00ebr vrasjen e Santiago Malkos \u00ebsht\u00eb arrestuar vet\u00ebm Blendi Teta dhe disa t\u00eb tjer\u00eb jan\u00eb shpallur n\u00eb k\u00ebrkim.<\/p>\n","protected":false},"excerpt":{"rendered":"<p>Dalin pamjet e ndjekjes s\u00eb makin\u00ebs s\u00eb Santiago Malkos nga atentator\u00ebt, pak sekonda para ekzekutimit. 26-vje\u00e7ari u q\u00ebllua me bresh\u00ebri nga xhami i pas\u00ebm i nj\u00eb Mercedes-Benz, q\u00eb e ndiqte n\u00eb rrug\u00ebn e Porcelanit. Ekzekutori m\u00eb pas u largua me nj\u00eb mjet tip Volkswagen. Autor\u00ebt q\u00eb ekzekutuan Santiago Malkon e ndiqnin nga nj\u00eb distanc\u00eb shum\u00eb [&hellip;]<\/p>\n","protected":false},"author":2013,"featured_media":107503,"comment_status":"open","ping_status":"closed","sticky":false,"template":"","format":"standard","meta":{"footnotes":""},"categories":[241,235],"tags":[],"class_list":{"0":"post-107633","1":"post","2":"type-post","3":"status-publish","4":"format-standard","5":"has-post-thumbnail","7":"category-aktualitet","8":"category-vendi"},"_links":{"self":[{"href":"https:\/\/zjarr.tv\/sq\/wp-json\/wp\/v2\/posts\/107633","targetHints":{"allow":["GET"]}}],"collection":[{"href":"https:\/\/zjarr.tv\/sq\/wp-json\/wp\/v2\/posts"}],"about":[{"href":"https:\/\/zjarr.tv\/sq\/wp-json\/wp\/v2\/types\/post"}],"author":[{"embeddable":true,"href":"https:\/\/zjarr.tv\/sq\/wp-json\/wp\/v2\/users\/2013"}],"replies":[{"embeddable":true,"href":"https:\/\/zjarr.tv\/sq\/wp-json\/wp\/v2\/comments?post=107633"}],"version-history":[{"count":0,"href":"https:\/\/zjarr.tv\/sq\/wp-json\/wp\/v2\/posts\/107633\/revisions"}],"wp:featuredmedia":[{"embeddable":true,"href":"https:\/\/zjarr.tv\/sq\/wp-json\/wp\/v2\/media\/107503"}],"wp:attachment":[{"href":"https:\/\/zjarr.tv\/sq\/wp-json\/wp\/v2\/media?parent=107633"}],"wp:term":[{"taxonomy":"category","embeddable":true,"href":"https:\/\/zjarr.tv\/sq\/wp-json\/wp\/v2\/categories?post=107633"},{"taxonomy":"post_tag","embeddable":true,"href":"https:\/\/zjarr.tv\/sq\/wp-json\/wp\/v2\/tags?post=107633"}],"curies":[{"name":"wp","href":"https:\/\/api.w.org\/{rel}","templated":true}]}}