{"id":107777,"date":"2019-09-19T13:47:55","date_gmt":"2019-09-19T11:47:55","guid":{"rendered":"https:\/\/zjarr.tv\/?p=107777"},"modified":"2019-09-19T13:47:55","modified_gmt":"2019-09-19T11:47:55","slug":"mberrin-ne-rinas-arber-cekaj-ekstradohet-nga-gjermania","status":"publish","type":"post","link":"https:\/\/zjarr.tv\/sq\/mberrin-ne-rinas-arber-cekaj-ekstradohet-nga-gjermania\/","title":{"rendered":"Mb\u00ebrrin n\u00eb Rinas Arb\u00ebr \u00c7ekaj, ekstradohet nga Gjermania"},"content":{"rendered":"<p>N\u00eb masa t\u00eb forta sigurie mb\u00ebrrin n\u00eb Rinas Arb\u00ebr \u00c7ekaj, pronari i kompanis\u00eb \u201cArbri Garden\u201d, ku u gjeten 613 kg kokain\u00eb n\u00eb Maminas.<\/p>\n<p>Pes\u00eb furgona policie dhe dhjet\u00ebra agjent\u00eb ishin n\u00eb Rinas mesdit\u00ebn e sotme, ku nj\u00eb avion i nisur nga Gjermani, solli n\u00eb Shqip\u00ebri Arb\u00ebr \u00c7ekajn.<\/p>\n<p>Arb\u00ebr \u00c7ekaj do t\u00eb q\u00ebndroj\u00eb n\u00eb qelit\u00eb e paraburgimit n\u00eb Policin\u00eb e Tiran\u00ebs dhe brenda tre dit\u00ebve do t\u00eb dal\u00eb para Gjykat\u00ebs s\u00eb Krimeve t\u00eb r\u00ebnda, ku do njihet me mas\u00ebn e siguris\u00eb \u201cArrest me burg\u201d, q\u00eb \u00ebsht\u00eb dh\u00ebn\u00eb ndaj tij n\u00eb munges\u00eb.<\/p>\n<p>Arb\u00ebr \u00c7ekaj u largua nga Shqip\u00ebria drejt Gjermanis\u00eb, pak dit\u00eb para se t\u00eb zbulohej kontejneri me banane n\u00eb Maminas, ku brenda tij ishin fshehur 613 kg kokain\u00eb.<\/p>\n<p>\u00c7ekaj fillimisht u mbajt nga autoritetet gjermane, por m\u00eb pas gjykata vendosi ekstradimin drejt Shqip\u00ebris\u00eb.<\/p>\n","protected":false},"excerpt":{"rendered":"<p>N\u00eb masa t\u00eb forta sigurie mb\u00ebrrin n\u00eb Rinas Arb\u00ebr \u00c7ekaj, pronari i kompanis\u00eb \u201cArbri Garden\u201d, ku u gjeten 613 kg kokain\u00eb n\u00eb Maminas. Pes\u00eb furgona policie dhe dhjet\u00ebra agjent\u00eb ishin n\u00eb Rinas mesdit\u00ebn e sotme, ku nj\u00eb avion i nisur nga Gjermani, solli n\u00eb Shqip\u00ebri Arb\u00ebr \u00c7ekajn. Arb\u00ebr \u00c7ekaj do t\u00eb q\u00ebndroj\u00eb n\u00eb qelit\u00eb e [&hellip;]<\/p>\n","protected":false},"author":2013,"featured_media":107783,"comment_status":"open","ping_status":"closed","sticky":false,"template":"","format":"standard","meta":{"footnotes":""},"categories":[241,235],"tags":[],"class_list":{"0":"post-107777","1":"post","2":"type-post","3":"status-publish","4":"format-standard","5":"has-post-thumbnail","7":"category-aktualitet","8":"category-vendi"},"_links":{"self":[{"href":"https:\/\/zjarr.tv\/sq\/wp-json\/wp\/v2\/posts\/107777","targetHints":{"allow":["GET"]}}],"collection":[{"href":"https:\/\/zjarr.tv\/sq\/wp-json\/wp\/v2\/posts"}],"about":[{"href":"https:\/\/zjarr.tv\/sq\/wp-json\/wp\/v2\/types\/post"}],"author":[{"embeddable":true,"href":"https:\/\/zjarr.tv\/sq\/wp-json\/wp\/v2\/users\/2013"}],"replies":[{"embeddable":true,"href":"https:\/\/zjarr.tv\/sq\/wp-json\/wp\/v2\/comments?post=107777"}],"version-history":[{"count":0,"href":"https:\/\/zjarr.tv\/sq\/wp-json\/wp\/v2\/posts\/107777\/revisions"}],"wp:featuredmedia":[{"embeddable":true,"href":"https:\/\/zjarr.tv\/sq\/wp-json\/wp\/v2\/media\/107783"}],"wp:attachment":[{"href":"https:\/\/zjarr.tv\/sq\/wp-json\/wp\/v2\/media?parent=107777"}],"wp:term":[{"taxonomy":"category","embeddable":true,"href":"https:\/\/zjarr.tv\/sq\/wp-json\/wp\/v2\/categories?post=107777"},{"taxonomy":"post_tag","embeddable":true,"href":"https:\/\/zjarr.tv\/sq\/wp-json\/wp\/v2\/tags?post=107777"}],"curies":[{"name":"wp","href":"https:\/\/api.w.org\/{rel}","templated":true}]}}